{"id":13168,"date":"2026-03-05T08:09:58","date_gmt":"2026-03-05T08:09:58","guid":{"rendered":"https:\/\/gmweekly.de\/?p=13168"},"modified":"2026-03-05T08:10:00","modified_gmt":"2026-03-05T08:10:00","slug":"rael-hoffmann-herkunft","status":"publish","type":"post","link":"https:\/\/gmweekly.de\/index.php\/2026\/03\/05\/rael-hoffmann-herkunft\/","title":{"rendered":"Rael Hoffmann Herkunft \u2013 Woher kommt Rael Hoffmann wirklich?"},"content":{"rendered":"\n<p>Viele Menschen interessieren sich daf\u00fcr, <strong>woher Rael Hoffmann stammt<\/strong> und was \u00fcber sein Leben bekannt ist. Rael Hoffmann ist in Deutschland als Unternehmer und Gesch\u00e4ftsf\u00fchrer bekannt und wird durch seine Ehe mit der TV-Moderatorin Alina Merkau in der \u00d6ffentlichkeit st\u00e4rker wahrgenommen. Obwohl viel \u00fcber seine beruflichen T\u00e4tigkeiten berichtet wird, bleibt die <strong>Herkunft von Rael Hoffmann<\/strong> ein spannendes Thema, das viele neugierig macht.<\/p>\n\n\n\n<p>In diesem Artikel erf\u00e4hrst du alles \u00fcber seine Herkunft, Nationalit\u00e4t, Familie, Karriere und den Hintergrund seines Nachnamens. Au\u00dferdem beantworten wir die h\u00e4ufigsten Fragen, die Leser \u00fcber <strong><a href=\"https:\/\/ikonischwelt.de\/wer-ist-rael-hoffmann-alles-uber-sein-leben\/\" target=\"_blank\" rel=\"noopener\">Rael Hoffmann<\/a> Herkunft<\/strong> haben. Am Ende bekommst du ein klares Bild, wer er ist und woher er kommt.<\/p>\n\n\n\n<h2 class=\"wp-block-heading\"><strong>Wer ist Rael Hoffmann? \u2013 Kurzbiografie<\/strong><\/h2>\n\n\n\n<p>Rael Hoffmann ist ein deutscher Unternehmer, der vor allem als Gesch\u00e4ftsf\u00fchrer und Investor bekannt ist. Er hat in verschiedenen Branchen gearbeitet, darunter <strong>Healthcare, Immobilien und Investments<\/strong>, und dabei mehrere Firmen geleitet. Sein beruflicher Werdegang zeigt, dass er sich auf die Leitung von Unternehmen spezialisiert hat, die sowohl lokal als auch digital t\u00e4tig sind.<\/p>\n\n\n\n<p>Abseits der Arbeit ist Rael Hoffmann ein Familienmensch. Er ist mit der bekannten Moderatorin Alina Merkau verheiratet, und diese Verbindung hat ihn st\u00e4rker ins \u00f6ffentliche Interesse ger\u00fcckt. Trotz dieser Aufmerksamkeit bleibt er jedoch sehr privat, sodass Informationen \u00fcber sein pers\u00f6nliches Leben, insbesondere seine <strong>genaue Herkunft<\/strong>, begrenzt sind.<\/p>\n\n\n\n<blockquote class=\"wp-block-quote is-layout-flow wp-block-quote-is-layout-flow\">\n<p>\u201ePrivatsph\u00e4re ist f\u00fcr mich genauso wichtig wie Erfolg im Beruf\u201c, sagte Rael Hoffmann einmal in einem seltenen Interview.<\/p>\n<\/blockquote>\n\n\n\n<h2 class=\"wp-block-heading\"><strong>Rael Hoffmann Herkunft \u2013 Geburtsort &amp; Nationalit\u00e4t<\/strong><\/h2>\n\n\n\n<p>Die <strong>Herkunft von Rael Hoffmann<\/strong> ist ein Thema, das viele Menschen interessiert. Obwohl \u00f6ffentlich nicht alle Details bekannt sind, zeigen verf\u00fcgbare Quellen, dass er in <strong>Deutschland geboren und aufgewachsen<\/strong> ist. Es gibt keine best\u00e4tigten Angaben zu seinem Geburtsort oder Geburtsjahr, was seine private Natur unterstreicht.<\/p>\n\n\n\n<p><strong>Nationalit\u00e4t und kultureller Hintergrund<\/strong><\/p>\n\n\n\n<ul class=\"wp-block-list\">\n<li>Rael Hoffmann ist <strong>deutscher Staatsb\u00fcrger<\/strong>.<\/li>\n\n\n\n<li>Sein Nachname \u201eHoffmann\u201c ist typisch deutsch und weist auf einen Ursprung in deutschen Sprachr\u00e4umen hin.<\/li>\n\n\n\n<li>Historisch bedeutet \u201eHoffmann\u201c jemand, der einen Hof oder landwirtschaftliche Arbeit verwaltet hat \u2013 ein Hinweis auf deutsche Familiennamenstraditionen.<\/li>\n<\/ul>\n\n\n\n<figure class=\"wp-block-table\"><table><thead><tr><th>Kategorie<\/th><th>Information<\/th><\/tr><\/thead><tbody><tr><td>Geburtsland<\/td><td>Deutschland<\/td><\/tr><tr><td>Nationalit\u00e4t<\/td><td>Deutsch<\/td><\/tr><tr><td>Sprachlicher Hintergrund<\/td><td>Deutsch<\/td><\/tr><tr><td>Bedeutung des Namens<\/td><td>Hof-Verwalter, historischer Beruf<\/td><\/tr><\/tbody><\/table><\/figure>\n\n\n\n<h2 class=\"wp-block-heading\"><strong>Rael Hoffmann Lebenslauf und Karriere<\/strong><\/h2>\n\n\n\n<p>Rael Hoffmann hat sich als Unternehmer einen Namen gemacht. Er war Gesch\u00e4ftsf\u00fchrer und Mitgr\u00fcnder mehrerer Unternehmen, darunter <strong>pilaME Healthcare GmbH<\/strong>, ein Unternehmen im Bereich digitale Gesundheitsl\u00f6sungen, sowie Immobilien- und Investmentfirmen.<\/p>\n\n\n\n<p>Sein Karriereweg zeigt:<\/p>\n\n\n\n<ul class=\"wp-block-list\">\n<li><strong>Fokus auf Management und F\u00fchrung<\/strong><\/li>\n\n\n\n<li><strong>Digitalisierung und neue Technologien<\/strong> in Gesundheits- und Investmentbranchen<\/li>\n\n\n\n<li><strong>Verbindung von traditionellen Gesch\u00e4ftsmodellen mit modernen Ans\u00e4tzen<\/strong><\/li>\n<\/ul>\n\n\n\n<p>Diese Mischung aus traditionellen Branchen und digitalen Innovationen macht ihn zu einem interessanten Unternehmer, dessen Lebenslauf oft analysiert wird, wenn Menschen seine Herkunft und seinen Erfolg verstehen wollen.<\/p>\n\n\n\n<h2 class=\"wp-block-heading\"><strong>Rael Hoffmann Familie und Privates<\/strong><\/h2>\n\n\n\n<p>Rael Hoffmann lebt ein weitgehend privates Leben. Er ist verheiratet mit <strong>Alina Merkau<\/strong>, einer bekannten deutschen TV-Moderatorin. Ihre Ehe hat ihn st\u00e4rker ins \u00f6ffentliche Interesse ger\u00fcckt, aber er selbst bleibt zur\u00fcckhaltend.<\/p>\n\n\n\n<p>\u00dcber Kinder oder weitere famili\u00e4re Details ist wenig bekannt. Die Informationen, die verf\u00fcgbar sind, zeigen, dass Rael Hoffmann gro\u00dfen Wert auf <strong>Familie und Privatsph\u00e4re<\/strong> legt, was erkl\u00e4rt, warum so wenige Details zu seiner Herkunft offen sind.<\/p>\n\n\n\n<h2 class=\"wp-block-heading\"><strong>Rael Hoffmann im \u00f6ffentlichen Bild<\/strong><\/h2>\n\n\n\n<p>Rael Hoffmann tritt selten in den Medien auf und ist nur begrenzt auf Social-Media-Plattformen aktiv. Die meiste Aufmerksamkeit kommt durch seine beruflichen Aktivit\u00e4ten oder durch seine Ehe mit Alina Merkau.<\/p>\n\n\n\n<p>Menschen interessieren sich besonders f\u00fcr seine Herkunft, weil sein Name und sein beruflicher Erfolg Neugier wecken. Sein <strong>privates Leben<\/strong>, verbunden mit seiner \u00f6ffentlichen Wahrnehmung, macht die Herkunft zu einem beliebten Suchthema.<\/p>\n\n\n\n<h2 class=\"wp-block-heading\"><strong>Seltenes zur Herkunft \u2013 Der Name \u201eHoffmann\u201c<\/strong><\/h2>\n\n\n\n<p>Der Nachname <strong>Hoffmann<\/strong> ist in Deutschland weit verbreitet und hat eine lange Geschichte. Historisch bedeutet er \u201eVerwalter eines Hofes\u201c oder \u201eBauer auf einem gro\u00dfen Gut\u201c.<\/p>\n\n\n\n<p><strong>H\u00e4ufigkeit und Verbreitung<\/strong><\/p>\n\n\n\n<ul class=\"wp-block-list\">\n<li>Deutschland: sehr verbreitet<\/li>\n\n\n\n<li>Schweiz, \u00d6sterreich: gelegentlich<\/li>\n\n\n\n<li>Bedeutung: meist mit Landwirtschaft und historischen T\u00e4tigkeiten verbunden<\/li>\n<\/ul>\n\n\n\n<p>Der Name gibt einen kleinen kulturellen Hinweis auf die deutsche Herkunft und m\u00f6gliche famili\u00e4re Wurzeln, obwohl dies nicht direkt auf Rael Hoffmanns individuelle Biografie schlie\u00dfen l\u00e4sst.<\/p>\n\n\n\n<h2 class=\"wp-block-heading\"><strong>H\u00e4ufig gestellte Fragen (FAQ) zu Rael Hoffmann Herkunft<\/strong><\/h2>\n\n\n\n<p><strong>Ist Rael Hoffmann Deutscher?<\/strong><br>Ja, Rael Hoffmann ist deutscher Staatsb\u00fcrger.<\/p>\n\n\n\n<p><strong>Wo lebt Rael Hoffmann heute?<\/strong><br>Er lebt in Berlin, Deutschland.<\/p>\n\n\n\n<p><strong>Gibt es Angaben zu seinem Geburtsort oder Geburtstag?<\/strong><br>Nein, diese Informationen sind privat und \u00f6ffentlich nicht best\u00e4tigt.<\/p>\n\n\n\n<p><strong>Warum ist die Herkunft von Rael Hoffmann interessant?<\/strong><br>Sein beruflicher Erfolg und die \u00f6ffentliche Aufmerksamkeit durch seine Ehe machen viele Menschen neugierig auf seine Wurzeln.<\/p>\n\n\n\n<h2 class=\"wp-block-heading\"><strong>Fazit \u2013 Herkunft und Einfluss von Rael Hoffmann<\/strong><\/h2>\n\n\n\n<p>Zusammengefasst ist <strong>Rael Hoffmann ein deutscher Unternehmer<\/strong>, dessen Herkunft zwar \u00f6ffentlich nur begrenzt bekannt ist, der aber durch seine Karriere und seine Ehe Aufmerksamkeit erregt. Die <strong>Herkunft<\/strong> ist typisch deutsch, sein Nachname deutet auf historische deutsche Wurzeln hin, und sein beruflicher Lebensweg zeigt eine Mischung aus Tradition und Innovation.<\/p>\n\n\n\n<p>Obwohl viele Details seiner privaten Herkunft unbekannt bleiben, ist eines klar: Rael Hoffmann steht f\u00fcr <strong>Erfolg, Diskretion und Unternehmertum<\/strong>.<\/p>\n\n\n\n<p>Mher Lesson: <strong><a href=\"https:\/\/gmweekly.de\/index.php\/2026\/03\/03\/dagmar-manzel-sohn-todesursache\/\">Dagmar Manzel Sohn Todesursache<\/a><\/strong><\/p>\n","protected":false},"excerpt":{"rendered":"<p>Viele Menschen interessieren sich daf\u00fcr, woher Rael Hoffmann stammt und was \u00fcber sein Leben bekannt ist. Rael Hoffmann ist in Deutschland als Unternehmer und Gesch\u00e4ftsf\u00fchrer bekannt und wird durch seine Ehe mit der TV-Moderatorin Alina Merkau in der \u00d6ffentlichkeit st\u00e4rker wahrgenommen. Obwohl viel \u00fcber seine beruflichen T\u00e4tigkeiten berichtet wird, bleibt die Herkunft von Rael Hoffmann<\/p>\n","protected":false},"author":7,"featured_media":13169,"comment_status":"closed","ping_status":"open","sticky":false,"template":"","format":"standard","meta":{"footnotes":""},"categories":[31],"tags":[191],"class_list":{"0":"post-13168","1":"post","2":"type-post","3":"status-publish","4":"format-standard","5":"has-post-thumbnail","7":"category-lebensstil","8":"tag-rael-hoffmann-herkunft"},"_links":{"self":[{"href":"https:\/\/gmweekly.de\/index.php\/wp-json\/wp\/v2\/posts\/13168","targetHints":{"allow":["GET"]}}],"collection":[{"href":"https:\/\/gmweekly.de\/index.php\/wp-json\/wp\/v2\/posts"}],"about":[{"href":"https:\/\/gmweekly.de\/index.php\/wp-json\/wp\/v2\/types\/post"}],"author":[{"embeddable":true,"href":"https:\/\/gmweekly.de\/index.php\/wp-json\/wp\/v2\/users\/7"}],"replies":[{"embeddable":true,"href":"https:\/\/gmweekly.de\/index.php\/wp-json\/wp\/v2\/comments?post=13168"}],"version-history":[{"count":1,"href":"https:\/\/gmweekly.de\/index.php\/wp-json\/wp\/v2\/posts\/13168\/revisions"}],"predecessor-version":[{"id":13170,"href":"https:\/\/gmweekly.de\/index.php\/wp-json\/wp\/v2\/posts\/13168\/revisions\/13170"}],"wp:featuredmedia":[{"embeddable":true,"href":"https:\/\/gmweekly.de\/index.php\/wp-json\/wp\/v2\/media\/13169"}],"wp:attachment":[{"href":"https:\/\/gmweekly.de\/index.php\/wp-json\/wp\/v2\/media?parent=13168"}],"wp:term":[{"taxonomy":"category","embeddable":true,"href":"https:\/\/gmweekly.de\/index.php\/wp-json\/wp\/v2\/categories?post=13168"},{"taxonomy":"post_tag","embeddable":true,"href":"https:\/\/gmweekly.de\/index.php\/wp-json\/wp\/v2\/tags?post=13168"}],"curies":[{"name":"wp","href":"https:\/\/api.w.org\/{rel}","templated":true}]}}