{"id":13190,"date":"2026-03-07T11:20:38","date_gmt":"2026-03-07T11:20:38","guid":{"rendered":"https:\/\/gmweekly.de\/?p=13190"},"modified":"2026-03-07T11:20:39","modified_gmt":"2026-03-07T11:20:39","slug":"hat-andreas-veauthier-kinder","status":"publish","type":"post","link":"https:\/\/gmweekly.de\/index.php\/2026\/03\/07\/hat-andreas-veauthier-kinder\/","title":{"rendered":"Hat Andreas Veauthier Kinder? Ein Blick auf sein Privatleben"},"content":{"rendered":"\n<p>Andreas Veauthier ist ein <strong>deutscher Architekt<\/strong>, bekannt f\u00fcr seine <strong>nachhaltigen Bauprojekte<\/strong>. Er arbeitet seit vielen Jahren in Berlin und Deutschland und legt besonderen Wert darauf, dass seine Projekte umweltfreundlich und zukunftsorientiert sind. Viele kennen ihn durch seine Arbeit an \u00f6ffentlichen Geb\u00e4uden, Schulen und Wohnh\u00e4usern.<\/p>\n\n\n\n<p>Er hat an <strong>verschiedenen Hochschulen gelehrt<\/strong> und ist Mitglied im <strong>Bund Deutscher Architekten (BDA)<\/strong>. Seine Projekte verbinden <strong>kreatives Design mit praktischer Umsetzung<\/strong>, sodass er nicht nur entwirft, sondern auch den gesamten Bauprozess begleitet.<\/p>\n\n\n\n<figure class=\"wp-block-table\"><table><thead><tr><th>Kategorie<\/th><th>Informationen<\/th><\/tr><\/thead><tbody><tr><td>Beruf<\/td><td>Architekt, Projektleiter<\/td><\/tr><tr><td>Spezialgebiet<\/td><td>Nachhaltige Architektur<\/td><\/tr><tr><td>Standort<\/td><td>Berlin, Deutschland<\/td><\/tr><tr><td>Mitgliedschaft<\/td><td>Bund Deutscher Architekten (BDA)<\/td><\/tr><tr><td>Lehrt\u00e4tigkeit<\/td><td>Verschiedene Hochschulen, u.a. TU Berlin<\/td><\/tr><\/tbody><\/table><\/figure>\n\n\n\n<p>Seine Karriere zeigt, dass er <strong>vielseitig und organisiert<\/strong> ist, gleichzeitig kreativ und praktisch denkt.<\/p>\n\n\n\n<h2 class=\"wp-block-heading\"><strong>Privatleben von Andreas Veauthier \u2013 Beziehung &amp; Ehe<\/strong><\/h2>\n\n\n\n<p>Abseits der Architektur ist Andreas Veauthier <strong>verheiratet mit Marietta Slomka<\/strong>, einer bekannten ZDF-Moderatorin. Das Paar lebt zusammen in Berlin und h\u00e4lt sein Privatleben <strong>bewusst weitgehend privat<\/strong>.<\/p>\n\n\n\n<p>Sie f\u00fchren ein <strong>relativ zur\u00fcckgezogenes Leben<\/strong>, auch wenn beide in der \u00d6ffentlichkeit stehen. <a href=\"https:\/\/de.wikipedia.org\/wiki\/Marietta_Slomka\" target=\"_blank\" rel=\"noopener\"><strong>Marietta Slomka<\/strong><\/a> ist vor allem f\u00fcr das \u201eheute-journal\u201c bekannt und wird oft in Medien erw\u00e4hnt. Zusammen repr\u00e4sentieren sie ein <strong>\u00f6ffentlichkeitsnahes, aber privates Paar<\/strong>, das sich auf Karriere, Arbeit und pers\u00f6nliche Projekte konzentriert.<\/p>\n\n\n\n<h2 class=\"wp-block-heading\"><strong>Hat Andreas Veauthier Kinder? \u2013 Fakten &amp; Informationen<\/strong><\/h2>\n\n\n\n<p>Viele Menschen fragen sich: <strong>hat andreas veauthier kinder?<\/strong> Die Antwort ist klar: <strong>nein, Andreas Veauthier hat keine Kinder<\/strong>. Weder mit Marietta Slomka noch aus fr\u00fcheren Beziehungen sind Kinder bekannt.<\/p>\n\n\n\n<p>Dies wird durch zahlreiche Quellen best\u00e4tigt und ist Teil des <strong>bewussten Lebensstils<\/strong> des Paares. Sie entscheiden sich, den Fokus auf Karriere und pers\u00f6nliche Freiheit zu legen.<\/p>\n\n\n\n<h2 class=\"wp-block-heading\"><strong>Gr\u00fcnde, warum Andreas Veauthier keine Kinder hat<\/strong><\/h2>\n\n\n\n<p>Es gibt mehrere Gr\u00fcnde, warum er und sein Partner keine Kinder haben:<\/p>\n\n\n\n<ul class=\"wp-block-list\">\n<li><strong>Beruflicher Fokus:<\/strong> Beide haben sehr anspruchsvolle Jobs. Andreas als Architekt, Marietta als Moderatorin.<\/li>\n\n\n\n<li><strong>Lebensstil und Freiheit:<\/strong> Ohne Kinder k\u00f6nnen sie flexibel reisen, Projekte planen und Zeit f\u00fcr pers\u00f6nliche Interessen nutzen.<\/li>\n\n\n\n<li><strong>Bewusste Entscheidung:<\/strong> Sie m\u00f6chten ihr Leben selbst gestalten, ohne die Verantwortung f\u00fcr Kinder.<\/li>\n<\/ul>\n\n\n\n<p>Diese Entscheidungen zeigen, dass <strong>Familienplanung eine bewusste Wahl<\/strong> sein kann, auch f\u00fcr Menschen in der \u00d6ffentlichkeit.<\/p>\n\n\n\n<h2 class=\"wp-block-heading\"><strong>Einfluss seines Kinderstatus auf Leben und Arbeit<\/strong><\/h2>\n\n\n\n<p>Dass Andreas Veauthier keine Kinder hat, beeinflusst sein Leben und seine Arbeit in vielerlei Hinsicht:<\/p>\n\n\n\n<ul class=\"wp-block-list\">\n<li><strong>Mehr Zeit f\u00fcr Projekte:<\/strong> Er kann sich intensiver auf Architekturprojekte konzentrieren.<\/li>\n\n\n\n<li><strong>Flexibler Lebensstil:<\/strong> Reisen, Weiterbildung und kreative Arbeit werden leichter umgesetzt.<\/li>\n\n\n\n<li><strong>\u00d6ffentliche Wahrnehmung:<\/strong> Einige Medien spekulieren \u00fcber Kinder, aber das Paar bleibt ruhig und privat.<\/li>\n<\/ul>\n\n\n\n<p>Tabelle: Einfluss des Kinderstatus<\/p>\n\n\n\n<figure class=\"wp-block-table\"><table><thead><tr><th>Bereich<\/th><th>Einfluss<\/th><\/tr><\/thead><tbody><tr><td>Karriere<\/td><td>Mehr Zeit und Energie f\u00fcr Projekte<\/td><\/tr><tr><td>Privatleben<\/td><td>Flexible Gestaltung von Freizeit und Urlaub<\/td><\/tr><tr><td>Gesellschaftlich<\/td><td>Medieninteresse, aber bewusstes Privatleben<\/td><\/tr><\/tbody><\/table><\/figure>\n\n\n\n<h2 class=\"wp-block-heading\"><strong>H\u00e4ufig gestellte Fragen (FAQ)<\/strong><\/h2>\n\n\n\n<p><strong>Q1: Hat Andreas Veauthier Kinder?<\/strong><br><strong>A:<\/strong> Nein, Andreas Veauthier hat derzeit keine Kinder.<\/p>\n\n\n\n<p><strong>Q2: Hat Marietta Slomka Kinder?<\/strong><br><strong>A:<\/strong> Auch sie hat keine Kinder, weder aus fr\u00fcheren Beziehungen noch mit Andreas Veauthier.<\/p>\n\n\n\n<p><strong>Q3: Wo lebt Andreas Veauthier?<\/strong><br><strong>A:<\/strong> Haupts\u00e4chlich in Berlin, Deutschland.<\/p>\n\n\n\n<p><strong>Q4: Was macht Andreas Veauthier beruflich?<\/strong><br><strong>A:<\/strong> Er ist Architekt und Projektleiter, spezialisiert auf nachhaltige Bauprojekte.<\/p>\n\n\n\n<h2 class=\"wp-block-heading\"><strong>Fazit \u2013 Das sollten Sie \u00fcber \u201ehat andreas veauthier kinder\u201c wissen<\/strong><\/h2>\n\n\n\n<p>Zusammenfassend kann man sagen: <strong>Andreas Veauthier hat keine Kinder<\/strong>. Er lebt ein bewusst privates Leben mit seiner Ehefrau Marietta Slomka. Ihre Entscheidung, kinderlos zu bleiben, h\u00e4ngt mit <strong>Karriere, Lebensstil und pers\u00f6nlichen Entscheidungen<\/strong> zusammen. F\u00fcr Leser, die sich fragen, <strong>hat andreas veauthier kinder<\/strong>, ist die Antwort klar und eindeutig.<\/p>\n\n\n\n<p>Sein Leben zeigt, dass man auch ohne Kinder ein <strong>erf\u00fclltes, \u00f6ffentliches und beruflich erfolgreiches Leben<\/strong> f\u00fchren kann.<\/p>\n\n\n\n<p>Mher Lesson: <strong><a href=\"https:\/\/gmweekly.de\/index.php\/2026\/03\/07\/marten-windler\/\">Marten Windler<\/a><\/strong><\/p>\n","protected":false},"excerpt":{"rendered":"<p>Andreas Veauthier ist ein deutscher Architekt, bekannt f\u00fcr seine nachhaltigen Bauprojekte. Er arbeitet seit vielen Jahren in Berlin und Deutschland und legt besonderen Wert darauf, dass seine Projekte umweltfreundlich und zukunftsorientiert sind. Viele kennen ihn durch seine Arbeit an \u00f6ffentlichen Geb\u00e4uden, Schulen und Wohnh\u00e4usern. Er hat an verschiedenen Hochschulen gelehrt und ist Mitglied im Bund<\/p>\n","protected":false},"author":7,"featured_media":13191,"comment_status":"closed","ping_status":"open","sticky":false,"template":"","format":"standard","meta":{"footnotes":""},"categories":[31],"tags":[194],"class_list":{"0":"post-13190","1":"post","2":"type-post","3":"status-publish","4":"format-standard","5":"has-post-thumbnail","7":"category-lebensstil","8":"tag-hat-andreas-veauthier-kinder"},"_links":{"self":[{"href":"https:\/\/gmweekly.de\/index.php\/wp-json\/wp\/v2\/posts\/13190","targetHints":{"allow":["GET"]}}],"collection":[{"href":"https:\/\/gmweekly.de\/index.php\/wp-json\/wp\/v2\/posts"}],"about":[{"href":"https:\/\/gmweekly.de\/index.php\/wp-json\/wp\/v2\/types\/post"}],"author":[{"embeddable":true,"href":"https:\/\/gmweekly.de\/index.php\/wp-json\/wp\/v2\/users\/7"}],"replies":[{"embeddable":true,"href":"https:\/\/gmweekly.de\/index.php\/wp-json\/wp\/v2\/comments?post=13190"}],"version-history":[{"count":1,"href":"https:\/\/gmweekly.de\/index.php\/wp-json\/wp\/v2\/posts\/13190\/revisions"}],"predecessor-version":[{"id":13192,"href":"https:\/\/gmweekly.de\/index.php\/wp-json\/wp\/v2\/posts\/13190\/revisions\/13192"}],"wp:featuredmedia":[{"embeddable":true,"href":"https:\/\/gmweekly.de\/index.php\/wp-json\/wp\/v2\/media\/13191"}],"wp:attachment":[{"href":"https:\/\/gmweekly.de\/index.php\/wp-json\/wp\/v2\/media?parent=13190"}],"wp:term":[{"taxonomy":"category","embeddable":true,"href":"https:\/\/gmweekly.de\/index.php\/wp-json\/wp\/v2\/categories?post=13190"},{"taxonomy":"post_tag","embeddable":true,"href":"https:\/\/gmweekly.de\/index.php\/wp-json\/wp\/v2\/tags?post=13190"}],"curies":[{"name":"wp","href":"https:\/\/api.w.org\/{rel}","templated":true}]}}