{"id":13334,"date":"2026-03-10T12:01:46","date_gmt":"2026-03-10T12:01:46","guid":{"rendered":"https:\/\/gmweekly.de\/?p=13334"},"modified":"2026-03-10T12:01:48","modified_gmt":"2026-03-10T12:01:48","slug":"torsten-strater-lebensgefahrtin","status":"publish","type":"post","link":"https:\/\/gmweekly.de\/index.php\/2026\/03\/10\/torsten-strater-lebensgefahrtin\/","title":{"rendered":"Torsten Str\u00e4ter Lebensgef\u00e4hrtin \u2013 Gibt es eine Partnerin?"},"content":{"rendered":"\n<p><a href=\"https:\/\/de.wikipedia.org\/wiki\/Torsten_Str%C3%A4ter\" target=\"_blank\" rel=\"noopener\"><strong>Torsten Str\u00e4ter<\/strong><\/a> ist einer der bekanntesten Comedians und Kabarettisten Deutschlands. Seine Shows und B\u00fccher begeistern Menschen jeden Alters, und seine markante Beanie-M\u00fctze ist fast schon ein Markenzeichen. Doch trotz seiner \u00f6ffentlichen Pr\u00e4senz h\u00e4lt Str\u00e4ter sein Privatleben sehr geheim. Viele Fans fragen sich: <strong>Hat Torsten Str\u00e4ter eine Lebensgef\u00e4hrtin?<\/strong><\/p>\n\n\n\n<p>Die Suche nach Antworten f\u00fchrt oft zu widerspr\u00fcchlichen Informationen. Einige Berichte spekulieren \u00fcber eine Partnerin, andere betonen, dass er sein Liebesleben bewusst privat h\u00e4lt. In diesem Artikel fassen wir alles zusammen, was \u00fcber <strong>Torsten Str\u00e4ter Lebensgef\u00e4hrtin<\/strong> bekannt ist, beleuchten Ger\u00fcchte und geben einen \u00dcberblick \u00fcber sein Familienleben.<\/p>\n\n\n\n<h2 class=\"wp-block-heading\"><strong>Wer ist Torsten Str\u00e4ter? \u2013 Leben und Karriere<\/strong><\/h2>\n\n\n\n<p>Torsten Str\u00e4ter wurde am 4. September 1966 in Dortmund geboren. Er begann seine Karriere als Schriftsteller und Comedian, bevor er sich auf B\u00fchnenauftritte und Kabarett spezialisierte. Heute kennt man ihn aus verschiedenen TV-Sendungen, Comedy-Auftritten und Podcasts.<\/p>\n\n\n\n<p><strong>Kurzer Steckbrief:<\/strong><\/p>\n\n\n\n<figure class=\"wp-block-table\"><table class=\"has-fixed-layout\"><thead><tr><th>Merkmal<\/th><th>Information<\/th><\/tr><\/thead><tbody><tr><td>Name<\/td><td>Torsten Str\u00e4ter<\/td><\/tr><tr><td>Geburtsdatum<\/td><td>4. September 1966<\/td><\/tr><tr><td>Geburtsort<\/td><td>Dortmund, Deutschland<\/td><\/tr><tr><td>Beruf<\/td><td>Comedian, Kabarettist, Autor<\/td><\/tr><tr><td>Bekannt f\u00fcr<\/td><td>Beanie-M\u00fctze, humorvolle und nachdenkliche Geschichten<\/td><\/tr><\/tbody><\/table><\/figure>\n\n\n\n<p>Seine \u00f6ffentliche Pers\u00f6nlichkeit zeigt ihn humorvoll, reflektiert und manchmal melancholisch. Doch abseits der B\u00fchne gibt Str\u00e4ter nur wenig von seinem Privatleben preis. Dieses Zur\u00fcckhalten macht die Frage nach einer <strong>Lebensgef\u00e4hrtin<\/strong> besonders spannend f\u00fcr Fans.<\/p>\n\n\n\n<h2 class=\"wp-block-heading\"><strong>Torsten Str\u00e4ter Lebensgef\u00e4hrtin \u2013 Was wir wissen<\/strong><\/h2>\n\n\n\n<p>Aktuell gibt es <strong>keine offiziell best\u00e4tigte Lebensgef\u00e4hrtin<\/strong> von Torsten Str\u00e4ter. Weder Interviews noch Social-Media-Beitr\u00e4ge geben Hinweise auf eine feste Partnerin. Str\u00e4ter h\u00e4lt sein Privatleben bewusst aus der \u00d6ffentlichkeit heraus.<\/p>\n\n\n\n<p><strong>Bekannte Fakten:<\/strong><\/p>\n\n\n\n<ul class=\"wp-block-list\">\n<li>Er ist Vater eines Sohnes.<\/li>\n\n\n\n<li>\u00dcber sein Liebesleben sind keine Details bekannt.<\/li>\n\n\n\n<li>Keine verl\u00e4sslichen Quellen best\u00e4tigen eine Ehe oder feste Beziehung.<\/li>\n<\/ul>\n\n\n\n<p>Viele Medien berichten \u00fcber Ger\u00fcchte, doch diese sind oft unbest\u00e4tigt. Die Tatsache, dass Str\u00e4ter sein Privatleben sch\u00fctzt, sorgt daf\u00fcr, dass Fans weiterhin spekulieren.<\/p>\n\n\n\n<h2 class=\"wp-block-heading\"><strong>Ist Torsten Str\u00e4ter verheiratet? Familienstand erkl\u00e4rt<\/strong><\/h2>\n\n\n\n<p>Torsten Str\u00e4ter ist <strong>nicht \u00f6ffentlich verheiratet<\/strong>. Es gibt keine Hinweise auf eine Ehe oder offizielle Partnerin.<\/p>\n\n\n\n<p><strong>Familieninformationen:<\/strong><\/p>\n\n\n\n<ul class=\"wp-block-list\">\n<li>Er hat mindestens ein Kind \u2013 einen Sohn.<\/li>\n\n\n\n<li>Wohnort: Dortmund\/Waltrop.<\/li>\n\n\n\n<li>\u00dcber m\u00f6gliche fr\u00fchere Beziehungen ist nichts \u00f6ffentlich bekannt.<\/li>\n<\/ul>\n\n\n\n<p>Die Abwesenheit best\u00e4tigter Informationen zeigt, dass Str\u00e4ter bewusst Grenzen zwischen \u00d6ffentlichkeit und Privatleben zieht.<\/p>\n\n\n\n<h2 class=\"wp-block-heading\"><strong>Ger\u00fcchte &amp; Spekulationen \u00fcber Torsten Str\u00e4ter Lebensgef\u00e4hrtin<\/strong><\/h2>\n\n\n\n<p>Rund um Prominente entstehen immer wieder Ger\u00fcchte. Auch bei Str\u00e4ter kursieren diverse Spekulationen.<\/p>\n\n\n\n<p><strong>H\u00e4ufige Ger\u00fcchte:<\/strong><\/p>\n\n\n\n<ul class=\"wp-block-list\">\n<li>Einige behaupten, Str\u00e4ter h\u00e4tte eine feste Freundin.<\/li>\n\n\n\n<li>Andere glauben, er sei bewusst allein, um sich auf Familie und Karriere zu konzentrieren.<\/li>\n<\/ul>\n\n\n\n<p><strong>Warum entstehen Ger\u00fcchte?<\/strong><\/p>\n\n\n\n<ul class=\"wp-block-list\">\n<li>Prominente Menschen stehen immer im \u00f6ffentlichen Interesse.<\/li>\n\n\n\n<li>Fehlende verifizierte Aussagen f\u00fchren zu Spekulationen.<\/li>\n\n\n\n<li>Fans suchen nach privaten Details, die der K\u00fcnstler nicht teilt.<\/li>\n<\/ul>\n\n\n\n<h2 class=\"wp-block-heading\"><strong>Wie Prominente ihr Liebesleben sch\u00fctzen \u2013 Allgemeine Perspektive<\/strong><\/h2>\n\n\n\n<p>Viele Stars halten ihr Privatleben bewusst geheim, um Stress und Medieninteresse zu vermeiden. Auch Str\u00e4ter sch\u00fctzt seine Partnerin(nen) oder seine Familie vor \u00f6ffentlicher Aufmerksamkeit.<\/p>\n\n\n\n<p><strong>Gr\u00fcnde f\u00fcr Privatsph\u00e4re:<\/strong><\/p>\n\n\n\n<ul class=\"wp-block-list\">\n<li>Schutz der Familie<\/li>\n\n\n\n<li>Vermeidung von Medienkampagnen<\/li>\n\n\n\n<li>Konzentration auf die Karriere<\/li>\n<\/ul>\n\n\n\n<p>Beispiele \u00e4hnlicher F\u00e4lle zeigen, dass bewusste Zur\u00fcckhaltung bei Prominenten \u00fcblich ist.<\/p>\n\n\n\n<h2 class=\"wp-block-heading\"><strong>H\u00e4ufig gestellte Fragen (FAQ)<\/strong><\/h2>\n\n\n\n<p><strong>Hat Torsten Str\u00e4ter eine Freundin?<\/strong><br>\u2192 Nicht \u00f6ffentlich best\u00e4tigt.<\/p>\n\n\n\n<p><strong>Ist er verheiratet?<\/strong><br>\u2192 Keine bekannte Ehe.<\/p>\n\n\n\n<p><strong>Wer ist der Vater des Sohnes?<\/strong><br>\u2192 Nur Str\u00e4ter selbst ist als Vater bekannt.<\/p>\n\n\n\n<p><strong>Warum spricht er nicht \u00fcber Beziehungen?<\/strong><br>\u2192 Er m\u00f6chte seine Privatsph\u00e4re sch\u00fctzen.<\/p>\n\n\n\n<h2 class=\"wp-block-heading\"><strong>Fazit \u2013 Bedeutung f\u00fcr Fans<\/strong><\/h2>\n\n\n\n<p>Die wichtigste Erkenntnis: <strong>Torsten Str\u00e4ter Lebensgef\u00e4hrtin ist nicht \u00f6ffentlich bekannt<\/strong>. Er sch\u00fctzt sein Privatleben konsequent, was sowohl respektiert als auch von Fans akzeptiert werden sollte. Wer Informationen \u00fcber ihn sucht, sollte immer verl\u00e4ssliche Quellen pr\u00fcfen und Ger\u00fcchte kritisch hinterfragen.<\/p>\n\n\n\n<h2 class=\"wp-block-heading\"><strong>Bonus: Tipps zum Finden seri\u00f6ser Promi-Infos<\/strong><\/h2>\n\n\n\n<ul class=\"wp-block-list\">\n<li>Pr\u00fcfe immer die Quelle: seri\u00f6se Medien > Blogs<\/li>\n\n\n\n<li>Achte auf offizielle Statements oder Social-Media-Kan\u00e4le des Promis<\/li>\n\n\n\n<li>Respektiere Privatsph\u00e4re und spekuliere nicht \u00fcber unbest\u00e4tigte Beziehungen<\/li>\n<\/ul>\n\n\n\n<p>Mher Lesson: <a href=\"https:\/\/gmweekly.de\/index.php\/2026\/03\/09\/nadine-to-roxel-kinder\/\"><strong>Nadine to Roxel Kinder<\/strong><\/a><\/p>\n","protected":false},"excerpt":{"rendered":"<p>Torsten Str\u00e4ter ist einer der bekanntesten Comedians und Kabarettisten Deutschlands. Seine Shows und B\u00fccher begeistern Menschen jeden Alters, und seine markante Beanie-M\u00fctze ist fast schon ein Markenzeichen. Doch trotz seiner \u00f6ffentlichen Pr\u00e4senz h\u00e4lt Str\u00e4ter sein Privatleben sehr geheim. Viele Fans fragen sich: Hat Torsten Str\u00e4ter eine Lebensgef\u00e4hrtin? Die Suche nach Antworten f\u00fchrt oft zu widerspr\u00fcchlichen<\/p>\n","protected":false},"author":7,"featured_media":13335,"comment_status":"closed","ping_status":"open","sticky":false,"template":"","format":"standard","meta":{"footnotes":""},"categories":[31],"tags":[199],"class_list":{"0":"post-13334","1":"post","2":"type-post","3":"status-publish","4":"format-standard","5":"has-post-thumbnail","7":"category-lebensstil","8":"tag-torsten-strater-lebensgefahrtin"},"_links":{"self":[{"href":"https:\/\/gmweekly.de\/index.php\/wp-json\/wp\/v2\/posts\/13334","targetHints":{"allow":["GET"]}}],"collection":[{"href":"https:\/\/gmweekly.de\/index.php\/wp-json\/wp\/v2\/posts"}],"about":[{"href":"https:\/\/gmweekly.de\/index.php\/wp-json\/wp\/v2\/types\/post"}],"author":[{"embeddable":true,"href":"https:\/\/gmweekly.de\/index.php\/wp-json\/wp\/v2\/users\/7"}],"replies":[{"embeddable":true,"href":"https:\/\/gmweekly.de\/index.php\/wp-json\/wp\/v2\/comments?post=13334"}],"version-history":[{"count":1,"href":"https:\/\/gmweekly.de\/index.php\/wp-json\/wp\/v2\/posts\/13334\/revisions"}],"predecessor-version":[{"id":13336,"href":"https:\/\/gmweekly.de\/index.php\/wp-json\/wp\/v2\/posts\/13334\/revisions\/13336"}],"wp:featuredmedia":[{"embeddable":true,"href":"https:\/\/gmweekly.de\/index.php\/wp-json\/wp\/v2\/media\/13335"}],"wp:attachment":[{"href":"https:\/\/gmweekly.de\/index.php\/wp-json\/wp\/v2\/media?parent=13334"}],"wp:term":[{"taxonomy":"category","embeddable":true,"href":"https:\/\/gmweekly.de\/index.php\/wp-json\/wp\/v2\/categories?post=13334"},{"taxonomy":"post_tag","embeddable":true,"href":"https:\/\/gmweekly.de\/index.php\/wp-json\/wp\/v2\/tags?post=13334"}],"curies":[{"name":"wp","href":"https:\/\/api.w.org\/{rel}","templated":true}]}}