{"id":13357,"date":"2026-03-16T07:38:54","date_gmt":"2026-03-16T07:38:54","guid":{"rendered":"https:\/\/gmweekly.de\/?p=13357"},"modified":"2026-03-16T07:38:59","modified_gmt":"2026-03-16T07:38:59","slug":"sarah-kuttner-ehemann","status":"publish","type":"post","link":"https:\/\/gmweekly.de\/index.php\/2026\/03\/16\/sarah-kuttner-ehemann\/","title":{"rendered":"Sarah Kuttner Ehemann \u2013 Wer ist der Mann an ihrer Seite?"},"content":{"rendered":"\n<p>Viele Menschen suchen im Internet nach dem Begriff <strong>\u201e<a href=\"https:\/\/en.wikipedia.org\/wiki\/Sarah_Kuttner\" target=\"_blank\" rel=\"noopener\">Sarah Kuttner<\/a> Ehemann\u201c<\/strong>, weil sie neugierig auf das Privatleben der bekannten deutschen Moderatorin sind. Doch bevor wir \u00fcber den <strong>Ehemann von Sarah Kuttner<\/strong> sprechen, lohnt es sich, zuerst einen Blick auf ihr eigenes Leben und ihre Karriere zu werfen. Sarah Kuttner wurde am <strong>29. Januar 1979 in Berlin<\/strong> geboren. Sie wuchs in einer Familie auf, die stark mit Medien und Kultur verbunden war. Ihr Vater, <strong>J\u00fcrgen Kuttner<\/strong>, ist ebenfalls eine bekannte Pers\u00f6nlichkeit im deutschen Medienbereich. Dadurch kam sie schon fr\u00fch mit Fernsehen, Journalismus und kreativen Projekten in Kontakt.<\/p>\n\n\n\n<p>Ihre gro\u00dfe Bekanntheit begann Anfang der 2000er Jahre. Besonders bei <strong>MTV Deutschland<\/strong> wurde sie schnell zu einer beliebten Moderatorin. Ihr Moderationsstil war anders als bei vielen anderen Moderatoren. Sie sprach offen, manchmal ironisch und oft mit einem sehr pers\u00f6nlichen Humor. Genau das machte sie bei jungen Zuschauern sehr beliebt. Sp\u00e4ter moderierte sie ihre eigene Sendung <strong>\u201eSarah Kuttner \u2013 Die Show\u201c<\/strong>. Obwohl die Sendung nicht viele Jahre lief, wurde sie zu einem wichtigen Teil ihrer Karriere. Viele Zuschauer erinnern sich noch heute an die Interviews und Gespr\u00e4che aus dieser Zeit. Neben dem Fernsehen hat Sarah Kuttner auch eine erfolgreiche Karriere als <strong>Autorin<\/strong> aufgebaut. Ihre B\u00fccher besch\u00e4ftigen sich mit Themen wie:<\/p>\n\n\n\n<ul class=\"wp-block-list\">\n<li>Alltag und Gesellschaft<\/li>\n\n\n\n<li>pers\u00f6nliche Erfahrungen<\/li>\n\n\n\n<li>Beziehungen und Gef\u00fchle<\/li>\n\n\n\n<li>mentale Gesundheit<\/li>\n<\/ul>\n\n\n\n<p>Viele Leser sch\u00e4tzen ihren ehrlichen Schreibstil. Sie schreibt oft sehr offen \u00fcber Dinge, \u00fcber die andere Menschen selten sprechen. Wichtige Fakten \u00fcber Sarah Kuttner<\/p>\n\n\n\n<figure class=\"wp-block-table\"><table><thead><tr><th>Kategorie<\/th><th>Information<\/th><\/tr><\/thead><tbody><tr><td>Name<\/td><td>Sarah Kuttner<\/td><\/tr><tr><td>Geburtsdatum<\/td><td>29. Januar 1979<\/td><\/tr><tr><td>Geburtsort<\/td><td>Berlin<\/td><\/tr><tr><td>Beruf<\/td><td>Moderatorin, Autorin, Podcasterin<\/td><\/tr><tr><td>Bekannt durch<\/td><td>MTV, TV-Shows, B\u00fccher<\/td><\/tr><\/tbody><\/table><\/figure>\n\n\n\n<p>Ein wichtiger Punkt ist, dass Sarah Kuttner ihr <strong>Privatleben sehr sch\u00fctzt<\/strong>. W\u00e4hrend viele Prominente st\u00e4ndig \u00fcber Beziehungen sprechen, h\u00e4lt sie viele Details bewusst geheim. Genau deshalb suchen viele Menschen nach Begriffen wie:<\/p>\n\n\n\n<ul class=\"wp-block-list\">\n<li><strong>Sarah Kuttner Ehemann<\/strong><\/li>\n\n\n\n<li><strong>Ehemann von Sarah Kuttner<\/strong><\/li>\n\n\n\n<li><strong>Sarah Kuttner Hochzeit<\/strong><\/li>\n\n\n\n<li><strong>Sarah Kuttner Familie<\/strong><\/li>\n<\/ul>\n\n\n\n<p>Die Neugier entsteht oft gerade deshalb, weil sie so wenig \u00fcber ihr Privatleben verr\u00e4t. Ein bekanntes Zitat, das ihre Haltung gut beschreibt, lautet: \u201eNicht alles, was im Leben passiert, muss \u00f6ffentlich erz\u00e4hlt werden.\u201c Diese Einstellung macht sie f\u00fcr viele Fans besonders interessant. Sie bleibt authentisch, zeigt aber gleichzeitig klare Grenzen zwischen \u00d6ffentlichkeit und Privatleben.<\/p>\n\n\n\n<h2 class=\"wp-block-heading\">Sarah Kuttner Ehemann \u2013 Wer ist ihr Mann wirklich?<\/h2>\n\n\n\n<p>Der Begriff <strong>\u201eSarah Kuttner Ehemann\u201c<\/strong> wird im Internet sehr h\u00e4ufig gesucht. Viele Menschen m\u00f6chten wissen, wer der Mann ist, der an der Seite der bekannten Moderatorin lebt. Sarah Kuttner ist seit <strong>2020 verheiratet<\/strong>. Der Name ihres Mannes ist <strong>Christoph<\/strong>. \u00dcber ihn gibt es jedoch nur wenige \u00f6ffentliche Informationen. Das liegt daran, dass das Paar bewusst entschieden hat, ihr gemeinsames Leben weitgehend privat zu halten. W\u00e4hrend viele Promi-Paare regelm\u00e4\u00dfig auf Veranstaltungen oder in sozialen Medien auftreten, ist das bei Sarah Kuttner anders. Ihr <strong>Ehemann steht nicht im Rampenlicht<\/strong> und arbeitet nicht in der klassischen Medienbranche. Warum man so wenig \u00fcber den Ehemann von Sarah Kuttner wei\u00df Es gibt mehrere Gr\u00fcnde daf\u00fcr:<\/p>\n\n\n\n<ul class=\"wp-block-list\">\n<li>Das Paar sch\u00fctzt bewusst seine Privatsph\u00e4re<\/li>\n\n\n\n<li>Ihr Mann arbeitet nicht in der \u00d6ffentlichkeit<\/li>\n\n\n\n<li>Sarah Kuttner spricht nur selten \u00fcber ihre Beziehung<\/li>\n\n\n\n<li>Medien respektieren gr\u00f6\u00dftenteils diese Entscheidung<\/li>\n<\/ul>\n\n\n\n<p>Diese Strategie hilft vielen Prominenten, ein <strong>normales Familienleben<\/strong> zu f\u00fchren. Besonders in Zeiten von Social Media entscheiden sich immer mehr bekannte Pers\u00f6nlichkeiten daf\u00fcr, ihr Privatleben st\u00e4rker zu sch\u00fctzen. Kurze \u00dcbersicht \u00fcber Sarah Kuttners Ehemann<\/p>\n\n\n\n<figure class=\"wp-block-table\"><table><thead><tr><th>Punkt<\/th><th>Information<\/th><\/tr><\/thead><tbody><tr><td>Name<\/td><td>Christoph<\/td><\/tr><tr><td>Beruf<\/td><td>Nicht \u00f6ffentlich bekannt<\/td><\/tr><tr><td>Hochzeit<\/td><td>2020<\/td><\/tr><tr><td>\u00d6ffentlichkeit<\/td><td>sehr privat<\/td><\/tr><\/tbody><\/table><\/figure>\n\n\n\n<p>Viele Fans respektieren diese Entscheidung. Trotzdem bleibt die Frage nach <strong>\u201eSarah Kuttner Ehemann\u201c<\/strong> weiterhin ein beliebtes Thema im Internet.<\/p>\n\n\n\n<h2 class=\"wp-block-heading\">Hochzeit von Sarah Kuttner \u2013 Wann hat sie ihren Ehemann geheiratet?<\/h2>\n\n\n\n<p>Die Hochzeit von Sarah Kuttner war f\u00fcr viele Fans eine \u00dcberraschung. Im Jahr <strong>2020<\/strong> wurde bekannt, dass sie ihren Partner geheiratet hat. Die Hochzeit fand <strong>sehr privat<\/strong> statt. Es gab keine gro\u00dfen Medienberichte oder \u00f6ffentlichen Veranstaltungen. Stattdessen entschied sich das Paar f\u00fcr eine <strong>kleine und pers\u00f6nliche Zeremonie<\/strong>. Solche privaten Hochzeiten werden bei Prominenten immer h\u00e4ufiger. Viele m\u00f6chten diesen besonderen Moment nur mit Familie und engen Freunden teilen. Typische Merkmale ihrer Hochzeit<\/p>\n\n\n\n<ul class=\"wp-block-list\">\n<li>kleine G\u00e4stezahl<\/li>\n\n\n\n<li>private Zeremonie<\/li>\n\n\n\n<li>kaum Medienberichte<\/li>\n\n\n\n<li>Fokus auf Familie und Freunde<\/li>\n<\/ul>\n\n\n\n<p>Diese Entscheidung zeigt erneut, dass <strong>Sarah Kuttner und ihr Ehemann<\/strong> ihr Privatleben sehr bewusst sch\u00fctze.<\/p>\n\n\n\n<h2 class=\"wp-block-heading\">Beziehung zwischen Sarah Kuttner und ihrem Ehemann<\/h2>\n\n\n\n<p>Die Beziehung zwischen Sarah Kuttner und ihrem Ehemann gilt als sehr stabil und ruhig. Obwohl sie kaum Details \u00f6ffentlich teilen, wird deutlich, dass sie gro\u00dfen Wert auf ein <strong>normales gemeinsames Leben<\/strong> legen. Viele Fans finden genau das sympathisch. Statt st\u00e4ndig im Mittelpunkt zu stehen, konzentriert sich das Paar auf den Alltag und pers\u00f6nliche Werte. Typische Dinge, die in Interviews manchmal erw\u00e4hnt werden, sind:<\/p>\n\n\n\n<ul class=\"wp-block-list\">\n<li>gegenseitiger Respekt<\/li>\n\n\n\n<li>gemeinsame Interessen<\/li>\n\n\n\n<li>ein ruhiger Lebensstil<\/li>\n\n\n\n<li>Abstand vom Medienrummel<\/li>\n<\/ul>\n\n\n\n<p>Viele Experten sagen, dass Beziehungen von Prominenten stabiler sein k\u00f6nnen, wenn sie <strong>nicht st\u00e4ndig im Rampenlicht stehen<\/strong>.<\/p>\n\n\n\n<h2 class=\"wp-block-heading\">Hat Sarah Kuttner Kinder mit ihrem Ehemann?<\/h2>\n\n\n\n<p>Eine weitere h\u00e4ufige Frage im Zusammenhang mit <strong>\u201eSarah Kuttner Ehemann\u201c<\/strong> ist das Thema Kinder. Viele Fans interessieren sich daf\u00fcr, ob das Paar eine Familie gegr\u00fcndet hat. Bisher gibt es jedoch <strong>keine \u00f6ffentlich best\u00e4tigten Informationen \u00fcber gemeinsame Kinder<\/strong>. Auch dieses Thema geh\u00f6rt zu den Bereichen ihres Lebens, \u00fcber die Sarah Kuttner nur selten spricht. Das zeigt erneut, wie stark sie ihr Privatleben sch\u00fctzt. Gr\u00fcnde, warum Prominente Familienleben privat halten<\/p>\n\n\n\n<ul class=\"wp-block-list\">\n<li>Schutz der Kinder vor \u00d6ffentlichkeit<\/li>\n\n\n\n<li>weniger Medienaufmerksamkeit<\/li>\n\n\n\n<li>mehr normale Lebensbedingungen<\/li>\n\n\n\n<li>Privatsph\u00e4re der Familie<\/li>\n<\/ul>\n\n\n\n<p>Diese Entscheidung wird von vielen Fans respektiert.<\/p>\n\n\n\n<h2 class=\"wp-block-heading\">Fr\u00fchere Beziehungen von Sarah Kuttner<\/h2>\n\n\n\n<p>Bevor Sarah Kuttner ihren heutigen Ehemann heiratete, gab es in ihrem Leben nat\u00fcrlich auch fr\u00fchere Beziehungen. Einige davon wurden in Medien erw\u00e4hnt, doch viele Details sind nicht \u00f6ffentlich. Das liegt vor allem daran, dass Sarah Kuttner <strong>nie viel \u00fcber ihr Liebesleben gesprochen hat<\/strong>.<\/p>\n\n\n\n<p>Viele Prominente entscheiden sich bewusst daf\u00fcr, fr\u00fchere Beziehungen nicht \u00f6ffentlich zu diskutieren. Dadurch vermeiden sie unn\u00f6tige Medienberichte oder Spekulationen. Heute scheint sie mit ihrem <strong>Ehemann Christoph<\/strong> ein ruhiges und stabiles Leben zu f\u00fchren.<\/p>\n\n\n\n<h2 class=\"wp-block-heading\">Warum das Interesse an \u201eSarah Kuttner Ehemann\u201c so gro\u00df ist<\/h2>\n\n\n\n<p>Der Begriff <strong>\u201eSarah Kuttner Ehemann\u201c<\/strong> geh\u00f6rt zu den h\u00e4ufig gesuchten Themen rund um die Moderatorin. Doch warum interessieren sich so viele Menschen daf\u00fcr? Es gibt mehrere Gr\u00fcnde. Hauptgr\u00fcnde f\u00fcr das gro\u00dfe Interesse<\/p>\n\n\n\n<ul class=\"wp-block-list\">\n<li>Neugier auf das Privatleben von Prominenten<\/li>\n\n\n\n<li>Sarah Kuttner spricht selten \u00fcber ihre Beziehung<\/li>\n\n\n\n<li>Fans m\u00f6chten mehr \u00fcber ihr pers\u00f6nliches Leben wissen<\/li>\n\n\n\n<li>Medien berichten nur wenig \u00fcber ihren Ehemann<\/li>\n<\/ul>\n\n\n\n<p>Wenn Informationen knapp sind, steigt die Neugier oft noch mehr. Au\u00dferdem interessieren sich viele Menschen allgemein f\u00fcr Themen wie:<\/p>\n\n\n\n<ul class=\"wp-block-list\">\n<li>Promi-Beziehungen<\/li>\n\n\n\n<li>Hochzeiten von bekannten Pers\u00f6nlichkeiten<\/li>\n\n\n\n<li>Familienleben von Moderatoren oder Schauspielern<\/li>\n<\/ul>\n\n\n\n<p>Diese Themen geh\u00f6ren zu den beliebtesten Suchanfragen im Internet.<\/p>\n\n\n\n<h2 class=\"wp-block-heading\">Fazit \u2013 Was man \u00fcber Sarah Kuttner und ihren Ehemann wissen sollte<\/h2>\n\n\n\n<p>Zusammenfassend l\u00e4sst sich sagen, dass der Begriff <strong>\u201eSarah Kuttner Ehemann\u201c<\/strong> zwar oft gesucht wird, aber nur wenige Details \u00f6ffentlich bekannt sind. Das liegt vor allem daran, dass Sarah Kuttner ihr Privatleben bewusst sch\u00fctzt. Ihr Ehemann <strong>Christoph<\/strong> steht nicht im Rampenlicht und tritt kaum \u00f6ffentlich auf.<\/p>\n\n\n\n<p><strong>Die wichtigsten Fakten auf einen Blick<\/strong><\/p>\n\n\n\n<figure class=\"wp-block-table\"><table><thead><tr><th>Thema<\/th><th>Information<\/th><\/tr><\/thead><tbody><tr><td>Sarah Kuttner Ehemann<\/td><td>Christoph<\/td><\/tr><tr><td>Hochzeit<\/td><td>2020<\/td><\/tr><tr><td>\u00d6ffentlichkeit<\/td><td>sehr privat<\/td><\/tr><tr><td>Kinder<\/td><td>keine best\u00e4tigten Informationen<\/td><\/tr><\/tbody><\/table><\/figure>\n\n\n\n<p>Viele Fans respektieren diese Entscheidung. Statt ihr Privatleben \u00f6ffentlich zu machen, konzentriert sich Sarah Kuttner auf ihre <strong>Karriere als Autorin, Moderatorin und Podcasterin<\/strong>. Gerade diese Mischung aus \u00f6ffentlicher Karriere und privatem Leben macht sie f\u00fcr viele Menschen besonders interessant. Und genau deshalb bleibt das Thema <strong>\u201eSarah Kuttner Ehemann\u201c<\/strong> weiterhin ein beliebtes Suchthema im Internet.<\/p>\n\n\n\n<p>Mher Lesson: <a href=\"https:\/\/meinbezirks.at\/bert-wollersheim-todesursache\/\" target=\"_blank\" rel=\"noopener\"><strong>Bert Wollersheim Todesursache<\/strong><\/a><\/p>\n","protected":false},"excerpt":{"rendered":"<p>Viele Menschen suchen im Internet nach dem Begriff \u201eSarah Kuttner Ehemann\u201c, weil sie neugierig auf das Privatleben der bekannten deutschen Moderatorin sind. Doch bevor wir \u00fcber den Ehemann von Sarah Kuttner sprechen, lohnt es sich, zuerst einen Blick auf ihr eigenes Leben und ihre Karriere zu werfen. Sarah Kuttner wurde am 29. Januar 1979 in<\/p>\n","protected":false},"author":7,"featured_media":13358,"comment_status":"closed","ping_status":"open","sticky":false,"template":"","format":"standard","meta":{"footnotes":""},"categories":[31],"tags":[207],"class_list":{"0":"post-13357","1":"post","2":"type-post","3":"status-publish","4":"format-standard","5":"has-post-thumbnail","7":"category-lebensstil","8":"tag-sarah-kuttner-ehemann"},"_links":{"self":[{"href":"https:\/\/gmweekly.de\/index.php\/wp-json\/wp\/v2\/posts\/13357","targetHints":{"allow":["GET"]}}],"collection":[{"href":"https:\/\/gmweekly.de\/index.php\/wp-json\/wp\/v2\/posts"}],"about":[{"href":"https:\/\/gmweekly.de\/index.php\/wp-json\/wp\/v2\/types\/post"}],"author":[{"embeddable":true,"href":"https:\/\/gmweekly.de\/index.php\/wp-json\/wp\/v2\/users\/7"}],"replies":[{"embeddable":true,"href":"https:\/\/gmweekly.de\/index.php\/wp-json\/wp\/v2\/comments?post=13357"}],"version-history":[{"count":1,"href":"https:\/\/gmweekly.de\/index.php\/wp-json\/wp\/v2\/posts\/13357\/revisions"}],"predecessor-version":[{"id":13359,"href":"https:\/\/gmweekly.de\/index.php\/wp-json\/wp\/v2\/posts\/13357\/revisions\/13359"}],"wp:featuredmedia":[{"embeddable":true,"href":"https:\/\/gmweekly.de\/index.php\/wp-json\/wp\/v2\/media\/13358"}],"wp:attachment":[{"href":"https:\/\/gmweekly.de\/index.php\/wp-json\/wp\/v2\/media?parent=13357"}],"wp:term":[{"taxonomy":"category","embeddable":true,"href":"https:\/\/gmweekly.de\/index.php\/wp-json\/wp\/v2\/categories?post=13357"},{"taxonomy":"post_tag","embeddable":true,"href":"https:\/\/gmweekly.de\/index.php\/wp-json\/wp\/v2\/tags?post=13357"}],"curies":[{"name":"wp","href":"https:\/\/api.w.org\/{rel}","templated":true}]}}