{"id":13363,"date":"2026-03-17T07:45:24","date_gmt":"2026-03-17T07:45:24","guid":{"rendered":"https:\/\/gmweekly.de\/?p=13363"},"modified":"2026-03-17T07:45:26","modified_gmt":"2026-03-17T07:45:26","slug":"ungeschminkt-atze-schroder","status":"publish","type":"post","link":"https:\/\/gmweekly.de\/index.php\/2026\/03\/17\/ungeschminkt-atze-schroder\/","title":{"rendered":"Ungeschminkt Atze Schr\u00f6der \u2013 Die Wahrheit hinter der Per\u00fccke"},"content":{"rendered":"\n<p>Wenn man nach <strong>\u201eungeschminkt <a href=\"https:\/\/de.wikipedia.org\/wiki\/Atze_Schr%C3%B6der\" target=\"_blank\" rel=\"noopener\">Atze Schr\u00f6der<\/a>\u201c<\/strong> sucht, steckt dahinter meistens eine einfache Frage: Wer ist dieser Mann wirklich, ohne seine bekannte Verkleidung? Genau hier beginnt das gro\u00dfe Geheimnis. Atze Schr\u00f6der ist einer der bekanntesten Comedians in Deutschland, aber gleichzeitig auch einer der geheimnisvollsten. Sein Name ist eine Kunstfigur, kein echter Name. Viele glauben, dass sein b\u00fcrgerlicher Name Hubertus Albers ist, doch eine klare Best\u00e4tigung gibt es nicht. Genau das h\u00e4lt das Interesse an <em>Atze Schr\u00f6der ungeschminkt<\/em> lebendig.<\/p>\n\n\n\n<p>Er hat sich bewusst entschieden, <strong>sein echtes Leben komplett von seiner B\u00fchne zu trennen<\/strong>. W\u00e4hrend andere Promis ihr Privatleben teilen, geht er den entgegengesetzten Weg. Das macht ihn einzigartig. Seine Karriere ist ein gutes Beispiel daf\u00fcr, wie stark eine Figur sein kann. Er hat es geschafft, \u00fcber viele Jahre hinweg erfolgreich zu bleiben, ohne jemals wirklich \u201eer selbst\u201c in der \u00d6ffentlichkeit zu sein. Das ist selten und gleichzeitig sehr clever.<\/p>\n\n\n\n<h2 class=\"wp-block-heading\"><strong>Ungeschminkt Atze Schr\u00f6der \u2013 Wie sieht er ohne Per\u00fccke aus?<\/strong><\/h2>\n\n\n\n<p>Die wohl spannendste Frage rund um das Thema <strong>\u201eungeschminkt Atze Schr\u00f6der\u201c<\/strong> ist nat\u00fcrlich: Wie sieht er eigentlich ohne Per\u00fccke aus? Die ehrliche Antwort ist \u00fcberraschend einfach: <strong>Kaum jemand wei\u00df es wirklich sicher.<\/strong> Es gibt nur wenige angebliche Bilder, und selbst diese sind oft nicht best\u00e4tigt. Was man sagen kann:<\/p>\n\n\n\n<ul class=\"wp-block-list\">\n<li>Ohne Per\u00fccke ist er wahrscheinlich kaum wiederzuerkennen<\/li>\n\n\n\n<li>Sein ber\u00fchmtes Aussehen geh\u00f6rt komplett zur Figur<\/li>\n\n\n\n<li>Die Brille und Frisur sind ein fester Teil seines Images<\/li>\n<\/ul>\n\n\n\n<p>Viele Berichte sagen, dass er im echten Leben viel unauff\u00e4lliger wirkt. Kein auff\u00e4lliger Stil, kein lautes Auftreten. Genau das ist auch der Grund, warum ihn viele Menschen im Alltag gar nicht erkennen w\u00fcrden. Ein interessanter Punkt ist, dass \u201eungeschminkt\u201c bei ihm mehr bedeutet als nur ohne Make-up. Es bedeutet: ohne Rolle ohne Charakter ohne Show Und genau das bleibt verborgen.<\/p>\n\n\n\n<h2 class=\"wp-block-heading\"><strong>Warum zeigt sich Atze Schr\u00f6der nie ungeschminkt in der \u00d6ffentlichkeit?<\/strong><\/h2>\n\n\n\n<p>Der Hauptgrund ist seine <strong>klare Strategie<\/strong>. Atze Schr\u00f6der m\u00f6chte nicht, dass seine Figur zerst\u00f6rt wird. Sobald die Menschen wissen, wie er wirklich aussieht, verliert die Rolle einen Teil ihrer Magie. Er sch\u00fctzt damit:<\/p>\n\n\n\n<ul class=\"wp-block-list\">\n<li>seine Privatsph\u00e4re<\/li>\n\n\n\n<li>seine Familie<\/li>\n\n\n\n<li>seine Freiheit im Alltag<\/li>\n<\/ul>\n\n\n\n<p>Viele Prominente k\u00f6nnen nicht mehr normal einkaufen gehen oder reisen. Bei ihm ist das anders. Er kann sich frei bewegen, weil ihn niemand erkennt. Au\u00dferdem sorgt das Geheimnis f\u00fcr zus\u00e4tzlichen Erfolg. Menschen sind neugierig. Und genau diese Neugier bringt Aufmerksamkeit. Man k\u00f6nnte sagen: Das Geheimnis ist Teil seines Marketings.<\/p>\n\n\n\n<h2 class=\"wp-block-heading\"><strong>Kontroversen: Fotos von Atze Schr\u00f6der ohne Per\u00fccke<\/strong><\/h2>\n\n\n\n<p>Es gab einige Situationen, in denen angeblich Bilder von <strong>Atze Schr\u00f6der ungeschminkt<\/strong> aufgetaucht sind. Diese F\u00e4lle f\u00fchrten oft zu Diskussionen. In manchen F\u00e4llen ist er sogar rechtlich gegen Ver\u00f6ffentlichungen vorgegangen. Das zeigt, wie ernst ihm das Thema ist. <strong>Wichtige Punkte zu diesen Kontroversen:<\/strong><\/p>\n\n\n\n<ul class=\"wp-block-list\">\n<li>Einige Medien wollten seine Identit\u00e4t enth\u00fcllen<\/li>\n\n\n\n<li>Er hat sich dagegen gewehrt<\/li>\n\n\n\n<li>Gerichte haben teilweise zu seinen Gunsten entschieden<\/li>\n<\/ul>\n\n\n\n<p>Das zeigt, dass auch Prominente ein Recht auf Privatsph\u00e4re haben. F\u00fcr Fans ist das nat\u00fcrlich frustrierend, aber gleichzeitig macht es ihn noch interessanter.<\/p>\n\n\n\n<h2 class=\"wp-block-heading\"><strong>Die Kunstfigur Atze Schr\u00f6der \u2013 Warum das Image so erfolgreich ist<\/strong><\/h2>\n\n\n\n<p>Die Figur Atze Schr\u00f6der ist kein Zufall. Sie ist bewusst aufgebaut und \u00fcber Jahre perfektioniert worden. Typische Merkmale:<\/p>\n\n\n\n<ul class=\"wp-block-list\">\n<li>Lockige Per\u00fccke<\/li>\n\n\n\n<li>Sonnenbrille<\/li>\n\n\n\n<li>Selbstbewusster, oft \u00fcbertriebener Charakter<\/li>\n<\/ul>\n\n\n\n<p>Diese Figur steht f\u00fcr Humor, Alltagssituationen und manchmal auch provokante Aussagen. Viele Menschen erkennen sich in seinen Geschichten wieder. Der gro\u00dfe Vorteil: Die Figur kann Dinge sagen, die der echte Mensch vielleicht nie sagen w\u00fcrde. Das macht die Show unterhaltsam und gleichzeitig sicher f\u00fcr die Person dahinter.<\/p>\n\n\n\n<h2 class=\"wp-block-heading\"><strong>Ungeschminkt Atze Schr\u00f6der vs. andere Promis ohne Make-up<\/strong><\/h2>\n\n\n\n<p>Bei vielen Promis bedeutet \u201eungeschminkt\u201c einfach nur: kein Make-up. Bei Atze Schr\u00f6der ist das ganz anders. Hier geht es nicht nur um das Aussehen, sondern um eine komplette Identit\u00e4t. <strong>Unterschiede:<\/strong><\/p>\n\n\n\n<ul class=\"wp-block-list\">\n<li>Normale Promis: ohne Make-up, aber erkennbar<\/li>\n\n\n\n<li>Atze Schr\u00f6der: ohne Per\u00fccke = fast neue Person<\/li>\n<\/ul>\n\n\n\n<p>Das macht ihn besonders. W\u00e4hrend andere Stars auch privat im Rampenlicht stehen, bleibt er komplett im Hintergrund. Psychologisch gesehen ist das sehr interessant. Menschen sind immer neugierig auf das, was sie nicht sehen k\u00f6nnen. Genau deshalb ist das Thema so beliebt.<\/p>\n\n\n\n<h2 class=\"wp-block-heading\"><strong>H\u00e4ufige Fragen zu \u201eungeschminkt Atze Schr\u00f6der\u201c (FAQ)<\/strong><\/h2>\n\n\n\n<p><strong>Wie hei\u00dft Atze Schr\u00f6der wirklich?<\/strong><br>Der Name ist nicht offiziell best\u00e4tigt. Es gibt Vermutungen, aber keine klare Aussage.<\/p>\n\n\n\n<p><strong>Warum tr\u00e4gt er immer eine Per\u00fccke?<\/strong><br>Die Per\u00fccke ist Teil seiner Kunstfigur und seines Erfolgs.<\/p>\n\n\n\n<p><strong>Gibt es echte Bilder ohne Verkleidung?<\/strong><br>Es gibt angebliche Bilder, aber nichts ist eindeutig best\u00e4tigt.<\/p>\n\n\n\n<p><strong>Wird er sich jemals ungeschminkt zeigen?<\/strong><br>Sehr unwahrscheinlich, da er seine Privatsph\u00e4re stark sch\u00fctzt.<\/p>\n\n\n\n<p>Warum interessiert das so viele Menschen?<br>Weil Geheimnisse immer neugierig machen.<\/p>\n\n\n\n<h2 class=\"wp-block-heading\"><strong>Fazit \u2013 Das Geheimnis um Atze Schr\u00f6der ungeschminkt<\/strong><\/h2>\n\n\n\n<p>Das Thema <strong>\u201eungeschminkt Atze Schr\u00f6der\u201c<\/strong> zeigt, wie stark ein Geheimnis wirken kann. Es geht nicht nur um sein Aussehen, sondern um die Trennung zwischen Figur und Mensch. Er hat es geschafft, etwas zu bewahren, was viele Promis verlieren:ein echtes Privatleben<\/p>\n\n\n\n<p>Seine Strategie ist einfach, aber effektiv. Indem er sich nicht zeigt, bleibt er interessant. Und genau das macht ihn so erfolgreich. Am Ende bleibt eine klare Erkenntnis: Man kennt Atze Schr\u00f6der \u2013 aber nicht den Menschen dahinter. Und vielleicht ist genau das der Grund, warum sich daran auch in Zukunft nichts \u00e4ndern wird.<\/p>\n\n\n\n<p>Mher Lesson: <strong><a href=\"https:\/\/gmweekly.de\/index.php\/2026\/03\/16\/amber-heard-vermogen\/\">Amber Heard Verm\u00f6gen<\/a><\/strong><\/p>\n","protected":false},"excerpt":{"rendered":"<p>Wenn man nach \u201eungeschminkt Atze Schr\u00f6der\u201c sucht, steckt dahinter meistens eine einfache Frage: Wer ist dieser Mann wirklich, ohne seine bekannte Verkleidung? Genau hier beginnt das gro\u00dfe Geheimnis. Atze Schr\u00f6der ist einer der bekanntesten Comedians in Deutschland, aber gleichzeitig auch einer der geheimnisvollsten. Sein Name ist eine Kunstfigur, kein echter Name. Viele glauben, dass sein<\/p>\n","protected":false},"author":7,"featured_media":13364,"comment_status":"closed","ping_status":"open","sticky":false,"template":"","format":"standard","meta":{"footnotes":""},"categories":[31],"tags":[209],"class_list":{"0":"post-13363","1":"post","2":"type-post","3":"status-publish","4":"format-standard","5":"has-post-thumbnail","7":"category-lebensstil","8":"tag-ungeschminkt-atze-schroder"},"_links":{"self":[{"href":"https:\/\/gmweekly.de\/index.php\/wp-json\/wp\/v2\/posts\/13363","targetHints":{"allow":["GET"]}}],"collection":[{"href":"https:\/\/gmweekly.de\/index.php\/wp-json\/wp\/v2\/posts"}],"about":[{"href":"https:\/\/gmweekly.de\/index.php\/wp-json\/wp\/v2\/types\/post"}],"author":[{"embeddable":true,"href":"https:\/\/gmweekly.de\/index.php\/wp-json\/wp\/v2\/users\/7"}],"replies":[{"embeddable":true,"href":"https:\/\/gmweekly.de\/index.php\/wp-json\/wp\/v2\/comments?post=13363"}],"version-history":[{"count":1,"href":"https:\/\/gmweekly.de\/index.php\/wp-json\/wp\/v2\/posts\/13363\/revisions"}],"predecessor-version":[{"id":13365,"href":"https:\/\/gmweekly.de\/index.php\/wp-json\/wp\/v2\/posts\/13363\/revisions\/13365"}],"wp:featuredmedia":[{"embeddable":true,"href":"https:\/\/gmweekly.de\/index.php\/wp-json\/wp\/v2\/media\/13364"}],"wp:attachment":[{"href":"https:\/\/gmweekly.de\/index.php\/wp-json\/wp\/v2\/media?parent=13363"}],"wp:term":[{"taxonomy":"category","embeddable":true,"href":"https:\/\/gmweekly.de\/index.php\/wp-json\/wp\/v2\/categories?post=13363"},{"taxonomy":"post_tag","embeddable":true,"href":"https:\/\/gmweekly.de\/index.php\/wp-json\/wp\/v2\/tags?post=13363"}],"curies":[{"name":"wp","href":"https:\/\/api.w.org\/{rel}","templated":true}]}}