{"id":13529,"date":"2026-04-08T10:09:12","date_gmt":"2026-04-08T10:09:12","guid":{"rendered":"https:\/\/gmweekly.de\/?p=13529"},"modified":"2026-04-08T10:09:14","modified_gmt":"2026-04-08T10:09:14","slug":"marisa-probst","status":"publish","type":"post","link":"https:\/\/gmweekly.de\/index.php\/2026\/04\/08\/marisa-probst\/","title":{"rendered":"Marisa Probst \u2013 Wer ist sie? Ein komplett aktuelles Portr\u00e4t"},"content":{"rendered":"\n<p><a href=\"https:\/\/de.wikipedia.org\/wiki\/Marius_Probst\" target=\"_blank\" rel=\"noopener\"><strong>Marisa Probst<\/strong><\/a> ist vielen als Ehefrau von Stefan Kraft bekannt, einem erfolgreichen \u00f6sterreichischen Skispringer. Ihre Geschichte jedoch beginnt lange bevor sie in den Medien auftauchte. Sie wurde in \u00d6sterreich geboren und wuchs in einer eher unauff\u00e4lligen Umgebung auf. Doch schon in ihrer Jugend zeigte sie Interesse an sozialen Berufen, was sie schlie\u00dflich in ihre Karriere als Pflegekraft f\u00fchrte.<\/p>\n\n\n\n<p>Es gibt nur wenig \u00f6ffentlich zug\u00e4ngliche Informationen \u00fcber ihre Kindheit und ihren Werdegang. Marisa hat sich stets aus der \u00d6ffentlichkeit herausgehalten und ihr Privatleben weitgehend gesch\u00fctzt. Die genauen Details zu ihrem Geburtsdatum sind nicht weit verbreitet, was zu ihrer mysteri\u00f6sen Aura beitr\u00e4gt. Sie hat jedoch klar gemacht, dass sie ihre Privatzeit genie\u00dft und nicht das Rampenlicht sucht. Diese Haltung macht sie f\u00fcr viele Menschen umso interessanter, da sie eine der wenigen Personen ist, die sich bewusst von der Medienwelt fernh\u00e4lt.<\/p>\n\n\n\n<h2 class=\"wp-block-heading\"><strong>Marisa Probst und Stefan Kraft \u2013 Liebesgeschichte<\/strong><\/h2>\n\n\n\n<p>Marisa Probst und Stefan Kraft lernten sich vor Jahren kennen, und es war schnell klar, dass die beiden f\u00fcreinander bestimmt waren. Stefan, der bereits als erfolgreicher Skispringer eine internationale Karriere aufgebaut hatte, war von Marisas ruhiger und doch starker Pers\u00f6nlichkeit fasziniert. W\u00e4hrend Stefan in der \u00d6ffentlichkeit stand, blieb Marisa stets eine private Person, die sich von den Medien fernhielt.<\/p>\n\n\n\n<p>Ihre Beziehung wuchs \u00fcber die Jahre hinweg, und obwohl sie oft von den Medien begleitet wurden, haben sie es stets geschafft, ihre Beziehung gr\u00f6\u00dftenteils privat zu halten. Beide sch\u00e4tzen die Bedeutung von Vertrauen und Zusammenarbeit in einer Partnerschaft, was sich in ihrer gemeinsamen Lebensweise widerspiegelt. Ihre Geschichte ist ein sch\u00f6nes Beispiel daf\u00fcr, wie zwei Menschen aus unterschiedlichen Welten zusammenkommen k\u00f6nnen, um gemeinsam eine Familie zu gr\u00fcnden und gleichzeitig ihre eigenen Karrieren und Leidenschaften zu verfolgen.<\/p>\n\n\n\n<h2 class=\"wp-block-heading\"><strong>Die Hochzeit \u2013 Marisa Probst als Ehefrau von Stefan Kraft<\/strong><\/h2>\n\n\n\n<p>Die Hochzeit von Marisa Probst und Stefan Kraft war ein bedeutendes Ereignis, das nicht nur in \u00d6sterreich, sondern auch international Aufmerksamkeit erregte. Sie heirateten im August 2022 in einer wundersch\u00f6nen Zeremonie in Goldegg im Pongau. Ihre Trauung war ein intimes, aber dennoch feierliches Ereignis, das ihre enge Beziehung und die gemeinsame Zukunft als Paar widerspiegelte.<\/p>\n\n\n\n<p>Die Hochzeit war aber nicht nur eine private Angelegenheit, sondern auch ein \u00f6ffentliches Ereignis f\u00fcr Fans und Medien. Nach der kleinen Trauung fand eine gr\u00f6\u00dfere Feier im Weinschloss statt, bei der die beiden ihre Freunde und Familie einluden, um diesen besonderen Moment zu feiern. Diese zweite Hochzeit hatte einen festlicheren Charakter, aber auch hier blieb das Paar im Wesentlichen seinem zur\u00fcckhaltenden Stil treu. Die Hochzeit war ein wundersch\u00f6ner Meilenstein f\u00fcr Marisa und Stefan, der nicht nur ihre Partnerschaft, sondern auch die Unterst\u00fctzung ihrer Familie und Freunde symbolisierte.<\/p>\n\n\n\n<h2 class=\"wp-block-heading\"><strong>\u00d6ffentliches Profil von Marisa Probst \u2013 Social Media &amp; Medienwahrnehmung<\/strong><\/h2>\n\n\n\n<p>Obwohl Marisa Probst eine private Person ist, hat sie durch ihre Beziehung zu Stefan Kraft eine gewisse Medienpr\u00e4senz erlangt. Sie selbst hat sich nie aktiv in den Mittelpunkt der \u00d6ffentlichkeit gestellt, und das spiegelt sich auch in ihrer Nutzung von Social Media wider. Sie hat Instagram und teilt dort eher pers\u00f6nliche Einblicke aus ihrem Leben, ohne dabei in den Mittelpunkt zu treten.<\/p>\n\n\n\n<p>Diese zur\u00fcckhaltende Haltung hat ihr eine besondere Art von Medienwahrnehmung verschafft. W\u00e4hrend sie nicht die Aufmerksamkeit sucht, die viele andere Partner von prominenten Sportlern bekommen, wird sie trotzdem oft in Artikeln und Interviews erw\u00e4hnt. F\u00fcr viele ist Marisa deshalb eine der interessanten Pers\u00f6nlichkeiten hinter den Kulissen des internationalen Skispringens.<\/p>\n\n\n\n<p>Es gibt auch eine Art von Faszination, die von ihrem Privatleben ausgeht, da die \u00d6ffentlichkeit nur einen kleinen Teil von ihr sieht, was ihre mysteri\u00f6se Ausstrahlung verst\u00e4rkt.<\/p>\n\n\n\n<h2 class=\"wp-block-heading\"><strong>Beruf und eigenes Leben von Marisa Probst<\/strong><\/h2>\n\n\n\n<p>Abseits der Medien und der Beziehung zu Stefan Kraft hat Marisa Probst auch ein erf\u00fclltes berufliches Leben. Sie hat sich f\u00fcr eine Karriere im Pflegebereich entschieden, was sie zu einer empathischen und hilfsbereiten Person macht. Ihre Arbeit als Pflegekraft ist eine wichtige Facette ihres Lebens, die sie trotz ihrer Prominenz nicht aus den Augen verliert.<\/p>\n\n\n\n<p>Marisa ist in diesem Bereich sehr engagiert, was ihren Wunsch unterstreicht, anderen zu helfen und einen positiven Einfluss auf das Leben der Menschen zu nehmen. Sie lebt ein Leben, das auf Ruhe und F\u00fcrsorge basiert, und hat sich immer bem\u00fcht, eine Balance zwischen ihrem beruflichen und privaten Leben zu finden. Dies ist auch ein Aspekt, der sie von vielen anderen \u00f6ffentlichen Pers\u00f6nlichkeiten unterscheidet \u2013 sie lebt nicht nur f\u00fcr die \u00d6ffentlichkeit, sondern auch f\u00fcr sich selbst und ihre Familie.<\/p>\n\n\n\n<h2 class=\"wp-block-heading\"><strong>Familienleben mit Stefan Kraft<\/strong><\/h2>\n\n\n\n<p>Das Familienleben von Marisa Probst und Stefan Kraft ist ebenso von Einfachheit und Zusammenhalt gepr\u00e4gt. Obwohl Stefan als Skispringer international unterwegs ist, finden sie immer Wege, ihre Zeit zusammen zu verbringen. Marisa hat ihre Rolle als Ehefrau und Partnerin sehr ernst genommen und ist eine gro\u00dfe Unterst\u00fctzung f\u00fcr Stefan, sowohl pers\u00f6nlich als auch beruflich.<\/p>\n\n\n\n<p>Es gibt bisher keine detaillierten Informationen \u00fcber gemeinsame Kinder, aber es wird immer wieder erw\u00e4hnt, dass Marisa und Stefan eine starke Bindung haben, die auch in ihrer Familie sp\u00fcrbar ist. Ihre Beziehung zeigt, wie zwei Menschen trotz \u00f6ffentlicher Ber\u00fchmtheit und eines vollen Zeitplans eine liebevolle und unterst\u00fctzende Partnerschaft pflegen k\u00f6nnen.<\/p>\n\n\n\n<h2 class=\"wp-block-heading\"><strong>H\u00e4ufig gestellte Fragen (FAQ) zu Marisa Probst<\/strong><\/h2>\n\n\n\n<p><strong>Wer ist Marisa Probst?<\/strong><br>Marisa Probst ist die Ehefrau von Stefan Kraft, einem der erfolgreichsten Skispringer \u00d6sterreichs. Sie ist bekannt f\u00fcr ihre zur\u00fcckhaltende Pers\u00f6nlichkeit und ihre Unterst\u00fctzung von Stefan sowohl im privaten als auch im \u00f6ffentlichen Leben.<\/p>\n\n\n\n<p><strong>Wie alt ist Marisa Probst?<\/strong><br>Das genaue Alter von Marisa Probst ist nicht bekannt. Sie hat es stets vermieden, pers\u00f6nliche Informationen zu teilen, was ihren Status als eher private Person untermauert.<\/p>\n\n\n\n<p><strong>Hat Marisa Probst Instagram?<\/strong><br>Ja, Marisa ist auf Instagram aktiv, allerdings mit einem eher pers\u00f6nlichen Profil. Sie teilt Einblicke in ihr Leben, jedoch ohne viel Aufmerksamkeit zu suchen.<\/p>\n\n\n\n<h2 class=\"wp-block-heading\"><strong>Fazit \u2013 Warum Marisa Probst f\u00fcr Leser relevant ist<\/strong><\/h2>\n\n\n\n<p>Marisa Probst ist eine faszinierende Pers\u00f6nlichkeit, die vor allem durch ihre Partnerschaft mit Stefan Kraft bekannt wurde. Doch abseits der Medien ist sie eine engagierte Pflegekraft und eine starke Partnerin, die ihre eigenen Werte lebt. Ihre Geschichte ist ein sch\u00f6nes Beispiel f\u00fcr den Wert von Privatheit in einer Welt, die oft von der \u00d6ffentlichkeit gepr\u00e4gt ist.<\/p>\n\n\n\n<p>Marisa Probst zeigt, dass man auch als Partner eines ber\u00fchmten Sportlers ein erf\u00fclltes, zur\u00fcckhaltendes Leben f\u00fchren kann, das weit mehr ist als nur die Beziehung zu einem prominenten Namen. Sie bleibt eine Inspirationsquelle f\u00fcr viele, die sich f\u00fcr die Bedeutung von Familie, F\u00fcrsorge und Partnerschaft interessieren.<\/p>\n\n\n\n<p>Mher Lesson: <a href=\"https:\/\/gmweekly.de\/index.php\/2026\/04\/07\/culpankass\/\"><strong>Culpankass<\/strong><\/a><\/p>\n","protected":false},"excerpt":{"rendered":"<p>Marisa Probst ist vielen als Ehefrau von Stefan Kraft bekannt, einem erfolgreichen \u00f6sterreichischen Skispringer. Ihre Geschichte jedoch beginnt lange bevor sie in den Medien auftauchte. Sie wurde in \u00d6sterreich geboren und wuchs in einer eher unauff\u00e4lligen Umgebung auf. Doch schon in ihrer Jugend zeigte sie Interesse an sozialen Berufen, was sie schlie\u00dflich in ihre Karriere<\/p>\n","protected":false},"author":7,"featured_media":13530,"comment_status":"closed","ping_status":"open","sticky":false,"template":"","format":"standard","meta":{"footnotes":""},"categories":[31],"tags":[242],"class_list":{"0":"post-13529","1":"post","2":"type-post","3":"status-publish","4":"format-standard","5":"has-post-thumbnail","7":"category-lebensstil","8":"tag-marisa-probst"},"_links":{"self":[{"href":"https:\/\/gmweekly.de\/index.php\/wp-json\/wp\/v2\/posts\/13529","targetHints":{"allow":["GET"]}}],"collection":[{"href":"https:\/\/gmweekly.de\/index.php\/wp-json\/wp\/v2\/posts"}],"about":[{"href":"https:\/\/gmweekly.de\/index.php\/wp-json\/wp\/v2\/types\/post"}],"author":[{"embeddable":true,"href":"https:\/\/gmweekly.de\/index.php\/wp-json\/wp\/v2\/users\/7"}],"replies":[{"embeddable":true,"href":"https:\/\/gmweekly.de\/index.php\/wp-json\/wp\/v2\/comments?post=13529"}],"version-history":[{"count":1,"href":"https:\/\/gmweekly.de\/index.php\/wp-json\/wp\/v2\/posts\/13529\/revisions"}],"predecessor-version":[{"id":13531,"href":"https:\/\/gmweekly.de\/index.php\/wp-json\/wp\/v2\/posts\/13529\/revisions\/13531"}],"wp:featuredmedia":[{"embeddable":true,"href":"https:\/\/gmweekly.de\/index.php\/wp-json\/wp\/v2\/media\/13530"}],"wp:attachment":[{"href":"https:\/\/gmweekly.de\/index.php\/wp-json\/wp\/v2\/media?parent=13529"}],"wp:term":[{"taxonomy":"category","embeddable":true,"href":"https:\/\/gmweekly.de\/index.php\/wp-json\/wp\/v2\/categories?post=13529"},{"taxonomy":"post_tag","embeddable":true,"href":"https:\/\/gmweekly.de\/index.php\/wp-json\/wp\/v2\/tags?post=13529"}],"curies":[{"name":"wp","href":"https:\/\/api.w.org\/{rel}","templated":true}]}}