{"id":13551,"date":"2026-04-12T10:19:38","date_gmt":"2026-04-12T10:19:38","guid":{"rendered":"https:\/\/gmweekly.de\/?p=13551"},"modified":"2026-04-12T10:19:40","modified_gmt":"2026-04-12T10:19:40","slug":"sedrina-schaller","status":"publish","type":"post","link":"https:\/\/gmweekly.de\/index.php\/2026\/04\/12\/sedrina-schaller\/","title":{"rendered":"Sedrina Schaller: Karriere, Leben und alle wichtigen Infos"},"content":{"rendered":"\n<p>Wenn man nach <strong>Sedrina Schaller<\/strong> sucht, merkt man schnell, dass viele Menschen wissen wollen, wer sie ist und warum ihr Name immer \u00f6fter auftaucht. Sedrina Schaller ist eine Schweizerin, die vor allem durch ihren besonderen Karriereweg bekannt geworden ist. Sie hat nicht nur im Fernsehen gearbeitet, sondern auch im Profisport eine wichtige Rolle \u00fcbernommen.<\/p>\n\n\n\n<p>Am Anfang war sie als Journalistin t\u00e4tig und hat im TV gearbeitet. Dort hat sie Interviews gef\u00fchrt und Inhalte pr\u00e4sentiert. Diese Erfahrung hat ihr geholfen, sich sicher vor der Kamera zu bewegen. Genau diese F\u00e4higkeiten haben ihr sp\u00e4ter auch in anderen Bereichen geholfen. Der Name <strong>Sedrina Schaller<\/strong> wurde dadurch langsam immer bekannter.<\/p>\n\n\n\n<h2 class=\"wp-block-heading\"><strong>Sedrina Schaller Karriere: Vom Fernsehen zum Profifu\u00dfball<\/strong><\/h2>\n\n\n\n<p>Die Karriere von Sedrina Schaller ist besonders spannend, weil sie nicht typisch ist. Sie hat ihre Laufbahn im Medienbereich gestartet und sich dort einen guten Ruf aufgebaut. Als Moderatorin und Journalistin konnte sie viele Erfahrungen sammeln und wichtige Kontakte kn\u00fcpfen.<\/p>\n\n\n\n<p>Sp\u00e4ter hat sie einen gro\u00dfen Schritt gemacht und ist in den Profifu\u00dfball gewechselt. Dieser Wechsel war f\u00fcr viele \u00fcberraschend. Doch genau dieser mutige Schritt hat ihr neue M\u00f6glichkeiten er\u00f6ffnet. Heute wird <strong>Sedrina Schaller<\/strong> oft als Beispiel daf\u00fcr gesehen, wie man unterschiedliche Karrierewege erfolgreich verbinden kann.<\/p>\n\n\n\n<h2 class=\"wp-block-heading\"><strong>Sedrina Schaller bei Borussia M\u00f6nchengladbach<\/strong><\/h2>\n\n\n\n<p>Ein wichtiger Abschnitt im Leben von Sedrina Schaller war ihre Zeit bei Borussia M\u00f6nchengladbach. Dort hat sie im Hintergrund gearbeitet und wichtige Aufgaben \u00fcbernommen. Dazu geh\u00f6rten Organisation, Kommunikation und die Unterst\u00fctzung des Teams im Alltag.<\/p>\n\n\n\n<p>Ihre Rolle war zwar nicht direkt auf dem Spielfeld, aber trotzdem sehr wichtig. Sie hat daf\u00fcr gesorgt, dass viele Abl\u00e4ufe reibungslos funktionieren. Genau diese Arbeit zeigt, wie vielseitig <strong>Sedrina Schaller<\/strong> ist. Sie konnte sich auch in einer neuen Umgebung schnell zurechtfinden und Verantwortung \u00fcbernehmen.<\/p>\n\n\n\n<h2 class=\"wp-block-heading\"><strong>Beziehung und Privatleben von Sedrina Schaller<\/strong><\/h2>\n\n\n\n<p>Ein gro\u00dfer Teil der Aufmerksamkeit rund um Sedrina Schaller kommt durch ihr Privatleben. Besonders ihre Beziehung zu <a href=\"https:\/\/de.wikipedia.org\/wiki\/Max_Eberl\" target=\"_blank\" rel=\"noopener\"><strong>Max Eberl<\/strong><\/a> hat viele Menschen interessiert. Dadurch wurde ihr Name noch bekannter und \u00f6fter gesucht.<\/p>\n\n\n\n<p>Trotzdem bleibt sie eine eher private Person. Sie gibt nicht viele Einblicke in ihr pers\u00f6nliches Leben. Genau das macht sie f\u00fcr viele Menschen noch interessanter. Viele m\u00f6chten mehr \u00fcber <strong>Sedrina Schaller<\/strong> erfahren, doch sie entscheidet selbst, was sie \u00f6ffentlich macht.<\/p>\n\n\n\n<h2 class=\"wp-block-heading\"><strong>Herkunft und Pers\u00f6nlichkeit von Sedrina Schaller<\/strong><\/h2>\n\n\n\n<p>Sedrina Schaller kommt aus der Schweiz und hat dort ihre ersten beruflichen Schritte gemacht. Ihre Herkunft spielt eine wichtige Rolle in ihrem Leben und hat sie gepr\u00e4gt. Viele beschreiben sie als ruhig, fokussiert und zielstrebig.<\/p>\n\n\n\n<p>Ihre Pers\u00f6nlichkeit wirkt bodenst\u00e4ndig und professionell. Sie steht nicht im Mittelpunkt, sondern konzentriert sich auf ihre Arbeit. Genau diese Eigenschaften haben ihr geholfen, sowohl im Medienbereich als auch im Sport erfolgreich zu sein. <strong>Sedrina Schaller<\/strong> zeigt, dass man auch ohne gro\u00dfe Aufmerksamkeit viel erreichen kann.<\/p>\n\n\n\n<h2 class=\"wp-block-heading\"><strong>Warum ist Sedrina Schaller so bekannt geworden?<\/strong><\/h2>\n\n\n\n<p>Die Bekanntheit von Sedrina Schaller hat mehrere Gr\u00fcnde. Einer davon ist ihr ungew\u00f6hnlicher Karriereweg. Der Wechsel vom Fernsehen in den Profifu\u00dfball ist nicht allt\u00e4glich und hat viele Menschen neugierig gemacht.<\/p>\n\n\n\n<p>Ein weiterer Grund ist die mediale Aufmerksamkeit durch ihre Beziehung und ihr berufliches Umfeld. Social Media und Suchmaschinen spielen dabei eine gro\u00dfe Rolle. Immer mehr Menschen suchen nach <strong>Sedrina Schaller<\/strong>, weil sie mehr \u00fcber ihr Leben erfahren m\u00f6chten.<\/p>\n\n\n\n<h2 class=\"wp-block-heading\"><strong>Sedrina Schaller heute: Was macht sie aktuell?<\/strong><\/h2>\n\n\n\n<p>Viele Menschen fragen sich, was Sedrina Schaller heute macht. Aktuell gibt es nur wenige \u00f6ffentliche Informationen \u00fcber ihr Leben. Sie scheint sich eher aus der \u00d6ffentlichkeit zur\u00fcckgezogen zu haben und konzentriert sich auf ihre privaten und beruflichen Ziele.<\/p>\n\n\n\n<p>Dieser R\u00fcckzug sorgt daf\u00fcr, dass das Interesse sogar noch steigt. Wenn es weniger Informationen gibt, suchen Menschen oft noch mehr danach. Genau deshalb bleibt <strong>Sedrina Schaller<\/strong> weiterhin ein spannendes Thema f\u00fcr viele Leser.<\/p>\n\n\n\n<h2 class=\"wp-block-heading\">Fazit: Sedrina Schaller als moderne Pers\u00f6nlichkeit<\/h2>\n\n\n\n<p>Zusammenfassend kann man sagen, dass Sedrina Schaller eine besondere Pers\u00f6nlichkeit ist. Ihr Weg vom Fernsehen in den Profisport zeigt, wie vielseitig sie ist. Sie hat bewiesen, dass man neue Wege gehen kann, auch wenn sie ungew\u00f6hnlich sind.<\/p>\n\n\n\n<p>Auch wenn nicht alle Details \u00fcber ihr Leben bekannt sind, bleibt sie f\u00fcr viele Menschen interessant. Der Name <strong>Sedrina Schaller<\/strong> wird auch in Zukunft immer wieder gesucht werden. Ihr Leben zeigt, dass Erfolg nicht nur von Bekanntheit abh\u00e4ngt, sondern auch von Mut und Ver\u00e4nderung.<\/p>\n\n\n\n<p>Mher Lesson: <a href=\"https:\/\/gmweekly.de\/index.php\/2026\/04\/11\/patricia-wiedemeyer\/\"><strong>Patricia Wiedemeyer<\/strong><\/a><\/p>\n","protected":false},"excerpt":{"rendered":"<p>Wenn man nach Sedrina Schaller sucht, merkt man schnell, dass viele Menschen wissen wollen, wer sie ist und warum ihr Name immer \u00f6fter auftaucht. Sedrina Schaller ist eine Schweizerin, die vor allem durch ihren besonderen Karriereweg bekannt geworden ist. Sie hat nicht nur im Fernsehen gearbeitet, sondern auch im Profisport eine wichtige Rolle \u00fcbernommen. Am<\/p>\n","protected":false},"author":7,"featured_media":13552,"comment_status":"closed","ping_status":"open","sticky":false,"template":"","format":"standard","meta":{"footnotes":""},"categories":[31],"tags":[248],"class_list":{"0":"post-13551","1":"post","2":"type-post","3":"status-publish","4":"format-standard","5":"has-post-thumbnail","7":"category-lebensstil","8":"tag-sedrina-schaller"},"_links":{"self":[{"href":"https:\/\/gmweekly.de\/index.php\/wp-json\/wp\/v2\/posts\/13551","targetHints":{"allow":["GET"]}}],"collection":[{"href":"https:\/\/gmweekly.de\/index.php\/wp-json\/wp\/v2\/posts"}],"about":[{"href":"https:\/\/gmweekly.de\/index.php\/wp-json\/wp\/v2\/types\/post"}],"author":[{"embeddable":true,"href":"https:\/\/gmweekly.de\/index.php\/wp-json\/wp\/v2\/users\/7"}],"replies":[{"embeddable":true,"href":"https:\/\/gmweekly.de\/index.php\/wp-json\/wp\/v2\/comments?post=13551"}],"version-history":[{"count":1,"href":"https:\/\/gmweekly.de\/index.php\/wp-json\/wp\/v2\/posts\/13551\/revisions"}],"predecessor-version":[{"id":13553,"href":"https:\/\/gmweekly.de\/index.php\/wp-json\/wp\/v2\/posts\/13551\/revisions\/13553"}],"wp:featuredmedia":[{"embeddable":true,"href":"https:\/\/gmweekly.de\/index.php\/wp-json\/wp\/v2\/media\/13552"}],"wp:attachment":[{"href":"https:\/\/gmweekly.de\/index.php\/wp-json\/wp\/v2\/media?parent=13551"}],"wp:term":[{"taxonomy":"category","embeddable":true,"href":"https:\/\/gmweekly.de\/index.php\/wp-json\/wp\/v2\/categories?post=13551"},{"taxonomy":"post_tag","embeddable":true,"href":"https:\/\/gmweekly.de\/index.php\/wp-json\/wp\/v2\/tags?post=13551"}],"curies":[{"name":"wp","href":"https:\/\/api.w.org\/{rel}","templated":true}]}}