{"id":13585,"date":"2026-04-19T11:02:34","date_gmt":"2026-04-19T11:02:34","guid":{"rendered":"https:\/\/gmweekly.de\/?p=13585"},"modified":"2026-04-19T11:02:36","modified_gmt":"2026-04-19T11:02:36","slug":"dieter-hallervorden-trauriger-abschied","status":"publish","type":"post","link":"https:\/\/gmweekly.de\/index.php\/2026\/04\/19\/dieter-hallervorden-trauriger-abschied\/","title":{"rendered":"Dieter Hallervorden trauriger Abschied \u2013 Was wirklich dahintersteckt"},"content":{"rendered":"\n<p><a href=\"https:\/\/www.bild.de\/unterhaltung\/stars-und-leute\/dieter-hallervorden-wird-90-meine-frau-hat-mich-vor-dem-suizid-gerettet-68aeac075d3e123a945ac7de\" target=\"_blank\" rel=\"noopener\">Dieter Hallervorden<\/a> ist f\u00fcr viele Menschen ein fester Teil der deutschen Fernseh- und Kulturlandschaft. Geboren wurde er 1935 in Dessau. Schon fr\u00fch zeigte sich sein Talent f\u00fcr Humor, Sprache und Beobachtung des Alltags. Bekannt wurde er vor allem durch die Fernsehshow <strong>\u201eNonstop Nonsens\u201c<\/strong>, die in den 1970er-Jahren Kultstatus erreichte. Viele verbinden ihn bis heute mit der Figur <strong>\u201eDidi\u201c<\/strong>. Diese Rolle stand f\u00fcr Slapstick, Wortspiele und \u00fcbertriebene Situationen. Doch Dieter Hallervorden war nie nur der lustige Komiker. Im Laufe der Jahre zeigte er immer wieder, dass er auch ernste Rollen glaubw\u00fcrdig spielen kann.<\/p>\n\n\n\n<p>Ein wichtiger Punkt seiner Karriere ist sein Engagement f\u00fcr das Theater. In Berlin \u00fcbernahm er das <strong>Schlosspark Theater<\/strong> und setzte sich stark f\u00fcr Kultur und B\u00fchne ein. Gerade dort wurde sichtbar, wie wichtig ihm Kunst, Sprache und gesellschaftliche Themen sind. F\u00fcr viele Fans ist Hallervorden mehr als ein Entertainer. Er steht f\u00fcr mehrere Generationen. Genau deshalb l\u00f6sen Begriffe wie <strong>\u201edieter hallervorden trauriger abschied\u201c<\/strong> so starke Reaktionen aus. Menschen haben das Gef\u00fchl, ein St\u00fcck ihrer eigenen Geschichte k\u00f6nnte zu Ende gehen.<\/p>\n\n\n\n<h2 class=\"wp-block-heading\">Warum suchen so viele Menschen nach \u201eDieter Hallervorden trauriger Abschied\u201c?<\/h2>\n\n\n\n<p>Der Suchbegriff <strong>Dieter Hallervorden trauriger Abschied<\/strong> wirkt sehr emotional. Viele Menschen klicken darauf, weil sie sofort an etwas Endg\u00fcltiges denken. Das liegt vor allem an der Wortwahl. \u201eTrauriger Abschied\u201c wird oft mit Tod, Krankheit oder einem letzten Auftritt verbunden. Ein Grund f\u00fcr die hohe Nachfrage ist die Art, wie Inhalte heute verbreitet werden. \u00dcberschriften sind oft bewusst emotional formuliert. Sie sollen Aufmerksamkeit erzeugen. Gerade bei bekannten Pers\u00f6nlichkeiten funktioniert das besonders gut. Ein weiterer Punkt ist das Alter von Dieter Hallervorden. Wenn prominente Menschen ein hohes Alter erreichen, beginnen viele automatisch, \u00fcber Abschied nachzudenken. Jede Aussage, jedes Interview und jede Ver\u00e4nderung wird st\u00e4rker wahrgenommen als fr\u00fcher. Typische Fragen der Leser sind:<\/p>\n\n\n\n<ul class=\"wp-block-list\">\n<li>Hat Dieter Hallervorden aufgeh\u00f6rt zu arbeiten?<\/li>\n\n\n\n<li>Geht es ihm gesundheitlich schlecht?<\/li>\n\n\n\n<li>Ist der \u201etraurige Abschied\u201c symbolisch gemeint?<\/li>\n<\/ul>\n\n\n\n<p>Diese Unsicherheit erkl\u00e4rt, warum der Begriff immer wieder gesucht wird. Menschen wollen Klarheit und keine Ger\u00fcchte.<\/p>\n\n\n\n<h2 class=\"wp-block-heading\">Geht es bei dem traurigen Abschied um seinen Tod?<\/h2>\n\n\n\n<p>Diese Frage ist die wichtigste und gleichzeitig die sensibelste. Die klare Antwort lautet: <strong>Nein.<\/strong> Der Begriff <strong>\u201eDieter Hallervorden trauriger Abschied\u201c<\/strong> bedeutet nicht, dass er gestorben ist. Im Internet tauchen immer wieder falsche oder stark \u00fcbertriebene Meldungen auf. Besonders Videos oder kurze Artikel erwecken manchmal den Eindruck, es sei etwas Schlimmes passiert. Oft fehlt jedoch der Kontext. In Wirklichkeit geht es meist um:<\/p>\n\n\n\n<ul class=\"wp-block-list\">\n<li>emotionale Interviews<\/li>\n\n\n\n<li>Abschiede von bestimmten Projekten<\/li>\n\n\n\n<li>oder den Abschied von Menschen aus seinem Umfeld<\/li>\n<\/ul>\n\n\n\n<p>Solche Inhalte werden dann mit dramatischen \u00dcberschriften versehen. Das sorgt f\u00fcr Klicks, aber auch f\u00fcr Verwirrung. Wichtig ist, Informationen immer zu pr\u00fcfen und nicht nur die \u00dcberschrift zu lesen. Dieter Hallervorden selbst ist weiterhin pr\u00e4sent. Er \u00e4u\u00dfert sich \u00f6ffentlich, tritt auf und arbeitet. Ein tats\u00e4chlicher Abschied vom Leben ist damit nicht gemeint.<\/p>\n\n\n\n<h2 class=\"wp-block-heading\">Abschied von Weggef\u00e4hrten, B\u00fchne oder Lebensphasen<\/h2>\n\n\n\n<p>Der <strong>traurige Abschied<\/strong> bezieht sich oft auf Abschiede im \u00fcbertragenen Sinn. In einem langen Leben verliert man Menschen, mit denen man viele Jahre gearbeitet hat. Kollegen gehen in den Ruhestand oder sterben. Solche Momente sind emotional und werden in Interviews offen angesprochen. Auch Abschiede von bestimmten Rollen spielen eine Rolle. Dieter Hallervorden hat sich im Laufe der Zeit von der reinen Comedy entfernt. F\u00fcr viele Fans war das ein Abschied von der Figur, mit der sie aufgewachsen sind.<\/p>\n\n\n\n<p>Ein weiterer Punkt ist der Abschied von Lebensphasen. Mit zunehmendem Alter ver\u00e4ndert sich der Blick auf die Welt. Hallervorden spricht offen dar\u00fcber, dass Dinge langsamer werden und Priorit\u00e4ten sich verschieben. Das ist kein Ende, sondern ein \u00dcbergang. Diese Art von Abschied ist leise, pers\u00f6nlich und menschlich. Genau das macht ihn f\u00fcr viele Menschen so ber\u00fchrend.<\/p>\n\n\n\n<h2 class=\"wp-block-heading\">Dieter Hallervorden \u00fcber Alter, Abschied und Verg\u00e4nglichkeit<\/h2>\n\n\n\n<p>In Interviews spricht Dieter Hallervorden oft sehr ehrlich \u00fcber das \u00c4lterwerden. Er tut das ohne Angst, aber auch ohne Verkl\u00e4rung. F\u00fcr ihn geh\u00f6rt der Gedanke an Abschied zum Leben dazu.<\/p>\n\n\n\n<p>Er verbindet Ernst und Humor. Manchmal macht er Witze \u00fcber das Alter, manchmal wird er nachdenklich. Diese Mischung ist typisch f\u00fcr ihn. Sie zeigt, dass Abschied nicht nur traurig, sondern auch reflektierend sein kann. Ein bekanntes Zitat sinngem\u00e4\u00df lautet: <strong>\u201eMan sollte dem Leben bis zum Schluss neugierig begegnen.\u201c<\/strong> Diese Haltung erkl\u00e4rt viel. Der Begriff <strong>dieter hallervorden trauriger abschied<\/strong> steht weniger f\u00fcr Resignation, sondern mehr f\u00fcr Bewusstsein. F\u00fcr das Wissen, dass Zeit wertvoll ist.<\/p>\n\n\n\n<h2 class=\"wp-block-heading\">Medien, Clickbait und emotionale Schlagzeilen<\/h2>\n\n\n\n<p>Medien spielen eine gro\u00dfe Rolle bei der Verbreitung dieses Begriffs. \u00dcberschriften werden oft so formuliert, dass sie starke Gef\u00fchle ausl\u00f6sen. Worte wie \u201etraurig\u201c, \u201eAbschied\u201c oder \u201eletzte Worte\u201c wirken sofort. Das Problem dabei ist nicht das Thema selbst, sondern die Zuspitzung. Viele Leser f\u00fchlen sich im Nachhinein get\u00e4uscht, weil der Inhalt weniger dramatisch ist als erwartet.<\/p>\n\n\n\n<p>Ein einfacher Tipp f\u00fcr Leser:<\/p>\n\n\n\n<ul class=\"wp-block-list\">\n<li>\u00dcberschrift kritisch lesen<\/li>\n\n\n\n<li>Quelle pr\u00fcfen<\/li>\n\n\n\n<li>nicht sofort Schl\u00fcsse ziehen<\/li>\n<\/ul>\n\n\n\n<p>So l\u00e4sst sich vermeiden, unn\u00f6tige Sorgen zu entwickeln.<\/p>\n\n\n\n<h2 class=\"wp-block-heading\">Fazit: Die wahre Bedeutung hinter \u201eDieter Hallervorden trauriger Abschied\u201c<\/h2>\n\n\n\n<p>Der Begriff <strong>Dieter Hallervorden trauriger Abschied<\/strong> steht nicht f\u00fcr einen Todesfall. Er beschreibt vielmehr emotionale Momente, Ver\u00e4nderungen und Reflexionen \u00fcber das Leben. Abschied bedeutet hier nicht Ende, sondern Wandel.<\/p>\n\n\n\n<p>F\u00fcr viele Menschen ist Hallervorden ein Teil ihrer eigenen Geschichte. Deshalb reagieren sie sensibel auf solche Begriffe. Genau deshalb ist es wichtig, ruhig zu bleiben und genauer hinzuschauen. Am Ende zeigt dieses Thema vor allem eines: <strong>Abschied geh\u00f6rt zum Leben \u2013 und Offenheit dar\u00fcber ist kein Zeichen von Schw\u00e4che, sondern von St\u00e4rke.<\/strong><\/p>\n\n\n\n<p>Mher Lesson: <strong><a href=\"https:\/\/gmweekly.de\/index.php\/2026\/04\/18\/tanja-schweiger-aiwanger-getrennt-2\/\">Tanja Schweiger Aiwanger getrennt<\/a><\/strong><\/p>\n","protected":false},"excerpt":{"rendered":"<p>Dieter Hallervorden ist f\u00fcr viele Menschen ein fester Teil der deutschen Fernseh- und Kulturlandschaft. Geboren wurde er 1935 in Dessau. Schon fr\u00fch zeigte sich sein Talent f\u00fcr Humor, Sprache und Beobachtung des Alltags. Bekannt wurde er vor allem durch die Fernsehshow \u201eNonstop Nonsens\u201c, die in den 1970er-Jahren Kultstatus erreichte. Viele verbinden ihn bis heute mit<\/p>\n","protected":false},"author":7,"featured_media":13586,"comment_status":"closed","ping_status":"open","sticky":false,"template":"","format":"standard","meta":{"footnotes":""},"categories":[31],"tags":[],"class_list":{"0":"post-13585","1":"post","2":"type-post","3":"status-publish","4":"format-standard","5":"has-post-thumbnail","7":"category-lebensstil"},"_links":{"self":[{"href":"https:\/\/gmweekly.de\/index.php\/wp-json\/wp\/v2\/posts\/13585","targetHints":{"allow":["GET"]}}],"collection":[{"href":"https:\/\/gmweekly.de\/index.php\/wp-json\/wp\/v2\/posts"}],"about":[{"href":"https:\/\/gmweekly.de\/index.php\/wp-json\/wp\/v2\/types\/post"}],"author":[{"embeddable":true,"href":"https:\/\/gmweekly.de\/index.php\/wp-json\/wp\/v2\/users\/7"}],"replies":[{"embeddable":true,"href":"https:\/\/gmweekly.de\/index.php\/wp-json\/wp\/v2\/comments?post=13585"}],"version-history":[{"count":1,"href":"https:\/\/gmweekly.de\/index.php\/wp-json\/wp\/v2\/posts\/13585\/revisions"}],"predecessor-version":[{"id":13587,"href":"https:\/\/gmweekly.de\/index.php\/wp-json\/wp\/v2\/posts\/13585\/revisions\/13587"}],"wp:featuredmedia":[{"embeddable":true,"href":"https:\/\/gmweekly.de\/index.php\/wp-json\/wp\/v2\/media\/13586"}],"wp:attachment":[{"href":"https:\/\/gmweekly.de\/index.php\/wp-json\/wp\/v2\/media?parent=13585"}],"wp:term":[{"taxonomy":"category","embeddable":true,"href":"https:\/\/gmweekly.de\/index.php\/wp-json\/wp\/v2\/categories?post=13585"},{"taxonomy":"post_tag","embeddable":true,"href":"https:\/\/gmweekly.de\/index.php\/wp-json\/wp\/v2\/tags?post=13585"}],"curies":[{"name":"wp","href":"https:\/\/api.w.org\/{rel}","templated":true}]}}