{"id":13588,"date":"2026-04-19T11:05:04","date_gmt":"2026-04-19T11:05:04","guid":{"rendered":"https:\/\/gmweekly.de\/?p=13588"},"modified":"2026-04-19T11:05:05","modified_gmt":"2026-04-19T11:05:05","slug":"mit-wem-ist-frederik-pleitgen-verheiratet","status":"publish","type":"post","link":"https:\/\/gmweekly.de\/index.php\/2026\/04\/19\/mit-wem-ist-frederik-pleitgen-verheiratet\/","title":{"rendered":"Mit wem ist Frederik Pleitgen verheiratet? Ehe, Familie und Privatleben verst\u00e4ndlich erkl\u00e4rt"},"content":{"rendered":"\n<p>Die Frage \u201emit wem ist <a href=\"https:\/\/de.wikipedia.org\/wiki\/Frederik_Pleitgen\" target=\"_blank\" rel=\"noopener\"><strong>Frederik Pleitgen<\/strong><\/a> verheiratet?\u201c wird sehr h\u00e4ufig gesucht, doch die Antwort ist nicht ganz so einfach, wie viele es erwarten. Frederik Pleitgen geh\u00f6rt zu den Journalisten, die ihr Privatleben bewusst sch\u00fctzen und kaum \u00f6ffentlich dar\u00fcber sprechen. Nach \u00fcbereinstimmenden Berichten aus verschiedenen biografischen Quellen gilt als sehr wahrscheinlich, dass <strong>Frederik Pleitgen mit einer Frau namens Justyna Pleitgen verheiratet ist<\/strong>. Offizielle Interviews oder \u00f6ffentliche Statements von ihm selbst dazu gibt es jedoch nicht. Genau das sorgt daf\u00fcr, dass diese Information oft als \u201enicht eindeutig best\u00e4tigt\u201c bezeichnet wird.<\/p>\n\n\n\n<p>Wichtig zu verstehen ist: Frederik Pleitgen hat <strong>nie versucht, seine Ehe medial zu nutzen<\/strong>. Es gibt keine gemeinsamen Auftritte auf roten Teppichen, keine Social-Media-Posts \u00fcber seine Frau und keine Interviews \u00fcber sein Familienleben. F\u00fcr einen international arbeitenden Kriegsreporter ist das eine bewusste Entscheidung. In der heutigen Medienwelt, in der viele Prominente ihr Privatleben offen teilen, wirkt diese Zur\u00fcckhaltung fast ungew\u00f6hnlich. Doch gerade bei Journalisten, die aus gef\u00e4hrlichen Regionen berichten, spielt <strong>Sicherheit eine gro\u00dfe Rolle<\/strong>. \u00d6ffentliche Informationen \u00fcber Familie k\u00f6nnten Risiken erh\u00f6hen.<\/p>\n\n\n\n<p>Kurz gesagt:<\/p>\n\n\n\n<ul class=\"wp-block-list\">\n<li>Frederik Pleitgen ist <strong>verheiratet<\/strong><\/li>\n\n\n\n<li>Der Name <strong>Justyna Pleitgen<\/strong> wird h\u00e4ufig genannt<\/li>\n\n\n\n<li>Es gibt <strong>keine offizielle Best\u00e4tigung durch ihn selbst<\/strong><\/li>\n\n\n\n<li>Seine Ehe wird <strong>konsequent aus der \u00d6ffentlichkeit herausgehalten<\/strong><\/li>\n<\/ul>\n\n\n\n<p>Diese Zur\u00fcckhaltung ist kein Zufall, sondern Teil seiner pers\u00f6nlichen Haltung gegen\u00fcber Medien und \u00d6ffentlichkeit.<\/p>\n\n\n\n<h2 class=\"wp-block-heading\">Was ist \u00fcber die Ehefrau von Frederik Pleitgen bekannt?<\/h2>\n\n\n\n<p>Auch zur Ehefrau gibt es nur wenige gesicherte Informationen. Das liegt nicht an fehlendem Interesse, sondern an der bewussten Entscheidung, <strong>keine privaten Details preiszugeben<\/strong>. In mehreren Profilen wird erw\u00e4hnt, dass <strong>Justyna Pleitgen als Psychologin t\u00e4tig sein soll<\/strong>. Diese Information l\u00e4sst sich jedoch nicht durch gro\u00dfe Medien oder direkte Aussagen best\u00e4tigen. Es handelt sich dabei um Angaben aus biografischen Zusammenfassungen, nicht um offizielle Interviews.<\/p>\n\n\n\n<p>Was jedoch klar ist: Die Ehefrau von Frederik Pleitgen tritt <strong>nicht \u00f6ffentlich auf<\/strong>. Sie begleitet ihn nicht zu beruflichen Veranstaltungen, gibt keine Interviews und ist in sozialen Medien nicht pr\u00e4sent. Das deutet darauf hin, dass sie ein Leben fernab der Medien bevorzugt. Das ist gerade bei einem Beruf wie dem von Pleitgen nachvollziehbar. Seine Arbeit f\u00fchrt ihn regelm\u00e4\u00dfig in Krisengebiete, in denen politische Spannungen, Gewalt und \u00dcberwachung zum Alltag geh\u00f6ren. Ein ruhiges, gesch\u00fctztes Familienleben bietet hier einen wichtigen Ausgleich.<\/p>\n\n\n\n<p>Man kann also sagen:<\/p>\n\n\n\n<ul class=\"wp-block-list\">\n<li>Seine Ehefrau lebt <strong>bewusst au\u00dferhalb der \u00d6ffentlichkeit<\/strong><\/li>\n\n\n\n<li>Es gibt <strong>keine verl\u00e4sslichen Fotos oder Interviews<\/strong><\/li>\n\n\n\n<li>Die Privatsph\u00e4re der Familie hat <strong>oberste Priorit\u00e4t<\/strong><\/li>\n<\/ul>\n\n\n\n<h2 class=\"wp-block-heading\">Hat Frederik Pleitgen Kinder?<\/h2>\n\n\n\n<p>Auch diese Frage taucht oft zusammen mit <strong>\u201emit wem ist Frederik Pleitgen verheiratet\u201c<\/strong> auf. Laut mehreren Quellen hat Frederik Pleitgen <strong>zwei Kinder<\/strong>, einen Sohn und eine Tochter. Auch hier gilt: Es gibt <strong>keine offiziellen Statements<\/strong>, keine Namen und keine \u00f6ffentlichen Bilder.<\/p>\n\n\n\n<p>Das zeigt sehr deutlich, wie konsequent Pleitgen seine Familie sch\u00fctzt. Selbst viele prominente Journalisten geben zumindest grundlegende Informationen preis. Bei ihm ist das anders. Diese Haltung wird von vielen Zuschauern respektiert. In einer Zeit, in der Kinder von Prominenten oft fr\u00fch in der \u00d6ffentlichkeit stehen, setzt Frederik Pleitgen bewusst eine Grenze. Ein oft zitierter Gedanke aus dem Journalismus lautet sinngem\u00e4\u00df:<\/p>\n\n\n\n<blockquote class=\"wp-block-quote is-layout-flow wp-block-quote-is-layout-flow\">\n<p><em>\u201eWer \u00fcber die Welt berichtet, muss nicht sein eigenes Leben \u00f6ffentlich machen.\u201c<\/em><\/p>\n<\/blockquote>\n\n\n\n<p>Dieser Ansatz passt sehr gut zu Pleitgens Auftreten.<\/p>\n\n\n\n<h2 class=\"wp-block-heading\">Warum h\u00e4lt Frederik Pleitgen sein Privatleben so privat?<\/h2>\n\n\n\n<p>Die Frage nach dem \u201eWarum\u201c ist fast genauso wichtig wie die Frage <strong>mit wem ist Frederik Pleitgen verheiratet<\/strong>. Die Gr\u00fcnde daf\u00fcr sind vielschichtig. Erstens spielt <strong>Sicherheit<\/strong> eine gro\u00dfe Rolle. Als internationaler Korrespondent berichtet Pleitgen aus Regionen, in denen Journalisten gezielt unter Druck geraten. \u00d6ffentliche Informationen \u00fcber Familie k\u00f6nnten ein Risiko darstellen.<\/p>\n\n\n\n<p>Zweitens geht es um <strong>journalistische Glaubw\u00fcrdigkeit<\/strong>. Pleitgen tritt ruhig, sachlich und professionell auf. Sein Fokus liegt klar auf Fakten, nicht auf pers\u00f6nlicher Selbstdarstellung. Ein \u00f6ffentliches Privatleben w\u00fcrde diesem Bild widersprechen. Drittens ist es eine <strong>pers\u00f6nliche Entscheidung<\/strong>. Nicht jeder Mensch, der bekannt ist, m\u00f6chte auch privat sichtbar sein. Pleitgen zeigt, dass man erfolgreich sein kann, ohne sich selbst zur Marke zu machen.<\/p>\n\n\n\n<h2 class=\"wp-block-heading\">H\u00e4ufig gestellte Fragen zu \u201emit wem ist Frederik Pleitgen verheiratet\u201c<\/h2>\n\n\n\n<p><strong>Ist Frederik Pleitgen verheiratet?<\/strong><br>Ja, es gilt als sehr wahrscheinlich, dass er verheiratet ist.<\/p>\n\n\n\n<p><strong>Wie hei\u00dft die Ehefrau von Frederik Pleitgen?<\/strong><br>Der Name <em>Justyna Pleitgen<\/em> wird h\u00e4ufig genannt, ist aber nicht offiziell best\u00e4tigt.<\/p>\n\n\n\n<p><strong>Warum gibt es keine Fotos seiner Familie?<\/strong><br>Weil Pleitgen seine Privatsph\u00e4re konsequent sch\u00fctzt.<\/p>\n\n\n\n<p><strong>Spricht er selbst \u00fcber seine Ehe?<\/strong><br>Nein, er \u00e4u\u00dfert sich \u00f6ffentlich nicht zu seinem Familienleben.<\/p>\n\n\n\n<h2 class=\"wp-block-heading\">Ger\u00fcchte, Spekulationen und Fakten<\/h2>\n\n\n\n<p>Im Internet kursieren viele Spekulationen, gerade weil es so wenige offizielle Informationen gibt. Wichtig ist, zwischen <strong>seri\u00f6sen Angaben und reinen Vermutungen<\/strong> zu unterscheiden.<\/p>\n\n\n\n<p>Fakt ist:<\/p>\n\n\n\n<ul class=\"wp-block-list\">\n<li>Frederik Pleitgen ist verheiratet<\/li>\n\n\n\n<li>Er hat Kinder<\/li>\n\n\n\n<li>Er sch\u00fctzt seine Familie bewusst<\/li>\n<\/ul>\n\n\n\n<p>Alles dar\u00fcber hinaus sollte mit Vorsicht betrachtet werden. Respekt vor der Privatsph\u00e4re ist gerade bei Journalisten besonders wichtig.<\/p>\n\n\n\n<h2 class=\"wp-block-heading\">Fazit: Was man wirklich \u00fcber die Ehe von Frederik Pleitgen wei\u00df<\/h2>\n\n\n\n<p>Die Frage <strong>\u201emit wem ist Frederik Pleitgen verheiratet\u201c<\/strong> l\u00e4sst sich nicht mit einem gro\u00dfen \u00f6ffentlichen Auftritt oder klaren Zitaten beantworten. Und genau das ist auch die wichtigste Erkenntnis.<\/p>\n\n\n\n<p>Frederik Pleitgen ist verheiratet, vermutlich mit <strong>Justyna Pleitgen<\/strong>, und hat Kinder. Mehr Details gibt es bewusst nicht. Er trennt sein berufliches Leben strikt von seinem privaten. Diese Haltung macht ihn f\u00fcr viele Menschen nicht weniger interessant, sondern im Gegenteil: Sie zeigt Professionalit\u00e4t, Bodenst\u00e4ndigkeit und Respekt vor Familie und Sicherheit.<\/p>\n\n\n\n<p>Mher Lesson: <strong><a href=\"https:\/\/gmweekly.de\/index.php\/2026\/04\/19\/dieter-hallervorden-trauriger-abschied\/\">Dieter Hallervorden trauriger Abschied<\/a><\/strong><\/p>\n","protected":false},"excerpt":{"rendered":"<p>Die Frage \u201emit wem ist Frederik Pleitgen verheiratet?\u201c wird sehr h\u00e4ufig gesucht, doch die Antwort ist nicht ganz so einfach, wie viele es erwarten. Frederik Pleitgen geh\u00f6rt zu den Journalisten, die ihr Privatleben bewusst sch\u00fctzen und kaum \u00f6ffentlich dar\u00fcber sprechen. Nach \u00fcbereinstimmenden Berichten aus verschiedenen biografischen Quellen gilt als sehr wahrscheinlich, dass Frederik Pleitgen mit<\/p>\n","protected":false},"author":7,"featured_media":13589,"comment_status":"closed","ping_status":"open","sticky":false,"template":"","format":"standard","meta":{"footnotes":""},"categories":[31],"tags":[257],"class_list":{"0":"post-13588","1":"post","2":"type-post","3":"status-publish","4":"format-standard","5":"has-post-thumbnail","7":"category-lebensstil","8":"tag-mit-wem-ist-frederik-pleitgen-verheiratet"},"_links":{"self":[{"href":"https:\/\/gmweekly.de\/index.php\/wp-json\/wp\/v2\/posts\/13588","targetHints":{"allow":["GET"]}}],"collection":[{"href":"https:\/\/gmweekly.de\/index.php\/wp-json\/wp\/v2\/posts"}],"about":[{"href":"https:\/\/gmweekly.de\/index.php\/wp-json\/wp\/v2\/types\/post"}],"author":[{"embeddable":true,"href":"https:\/\/gmweekly.de\/index.php\/wp-json\/wp\/v2\/users\/7"}],"replies":[{"embeddable":true,"href":"https:\/\/gmweekly.de\/index.php\/wp-json\/wp\/v2\/comments?post=13588"}],"version-history":[{"count":1,"href":"https:\/\/gmweekly.de\/index.php\/wp-json\/wp\/v2\/posts\/13588\/revisions"}],"predecessor-version":[{"id":13590,"href":"https:\/\/gmweekly.de\/index.php\/wp-json\/wp\/v2\/posts\/13588\/revisions\/13590"}],"wp:featuredmedia":[{"embeddable":true,"href":"https:\/\/gmweekly.de\/index.php\/wp-json\/wp\/v2\/media\/13589"}],"wp:attachment":[{"href":"https:\/\/gmweekly.de\/index.php\/wp-json\/wp\/v2\/media?parent=13588"}],"wp:term":[{"taxonomy":"category","embeddable":true,"href":"https:\/\/gmweekly.de\/index.php\/wp-json\/wp\/v2\/categories?post=13588"},{"taxonomy":"post_tag","embeddable":true,"href":"https:\/\/gmweekly.de\/index.php\/wp-json\/wp\/v2\/tags?post=13588"}],"curies":[{"name":"wp","href":"https:\/\/api.w.org\/{rel}","templated":true}]}}