{"id":13592,"date":"2026-04-21T10:50:11","date_gmt":"2026-04-21T10:50:11","guid":{"rendered":"https:\/\/gmweekly.de\/?p=13592"},"modified":"2026-04-21T10:50:13","modified_gmt":"2026-04-21T10:50:13","slug":"welche-krankheit-hat-ingo-naujoks","status":"publish","type":"post","link":"https:\/\/gmweekly.de\/index.php\/2026\/04\/21\/welche-krankheit-hat-ingo-naujoks\/","title":{"rendered":"Welche Krankheit hat Ingo Naujoks? Gesundheit, Ger\u00fcchte und Fakten einfach erkl\u00e4rt"},"content":{"rendered":"\n<p><a href=\"https:\/\/de.wikipedia.org\/wiki\/Ingo_Naujoks\" target=\"_blank\" rel=\"noopener\"><strong>Ingo Naujoks<\/strong><\/a> ist ein bekannter deutscher Schauspieler, der vor allem durch die Serie <em>Morden im Norden<\/em> vielen Menschen ein Begriff geworden ist. Er geh\u00f6rt zu den Darstellern, die durch ihre ruhige und glaubw\u00fcrdige Art auffallen, ohne st\u00e4ndig im Mittelpunkt der Medien zu stehen. Genau diese Mischung aus Bekanntheit und Zur\u00fcckhaltung macht ihn f\u00fcr viele Zuschauer interessant.<\/p>\n\n\n\n<p>Schon seit vielen Jahren arbeitet er erfolgreich im Fernsehen und hat sich einen festen Platz in der deutschen TV-Landschaft aufgebaut. Weil er jedoch sein Privatleben kaum \u00f6ffentlich macht, entsteht bei vielen Menschen eine gewisse Neugier. Besonders h\u00e4ufig wird die Frage gestellt: <strong>\u201eWelche Krankheit hat Ingo Naujoks?\u201c<\/strong>, obwohl es daf\u00fcr oft keine klaren Hinweise gibt.<\/p>\n\n\n\n<h2 class=\"wp-block-heading\"><strong>Welche Krankheit hat Ingo Naujoks wirklich? Aktueller Stand<\/strong><\/h2>\n\n\n\n<p>Viele Menschen suchen gezielt nach der Antwort auf die Frage <strong>\u201ewelche Krankheit hat Ingo Naujoks\u201c<\/strong>, doch die Realit\u00e4t ist weniger spektakul\u00e4r als viele denken. Es gibt keine eindeutig best\u00e4tigte Information dar\u00fcber, dass der Schauspieler an einer schweren oder dauerhaften Krankheit leidet. Offizielle Aussagen oder best\u00e4tigte Diagnosen sind \u00f6ffentlich nicht bekannt.<\/p>\n\n\n\n<p>Das bedeutet, dass vieles, was im Internet zu diesem Thema kursiert, eher auf Vermutungen basiert als auf echten Fakten. Gerade bei Prominenten werden kleine Ver\u00e4nderungen schnell \u00fcberinterpretiert. Deshalb ist es wichtig, zwischen best\u00e4tigten Informationen und reinen Ger\u00fcchten zu unterscheiden.<\/p>\n\n\n\n<h2 class=\"wp-block-heading\"><strong>Hatte Ingo Naujoks einen Schlaganfall? Wahrheit oder Spekulation<\/strong><\/h2>\n\n\n\n<p>Ein h\u00e4ufiges Thema im Zusammenhang mit der Suchanfrage <strong>\u201eIngo Naujoks Krankheit\u201c<\/strong> ist das Ger\u00fccht \u00fcber einen m\u00f6glichen Schlaganfall. Einige Webseiten behaupten, dass er einen solchen gesundheitlichen Vorfall erlebt haben soll. Allerdings gibt es daf\u00fcr keine klar best\u00e4tigten Beweise aus verl\u00e4sslichen Quellen.<\/p>\n\n\n\n<p>Ein Schlaganfall ist eine ernsthafte Erkrankung, die pl\u00f6tzlich auftritt und das Gehirn betrifft. Typische Symptome sind L\u00e4hmungen, Sprachprobleme oder Schwindel. Da solche Anzeichen bei Ingo Naujoks nicht \u00f6ffentlich eindeutig dokumentiert sind, bleibt dieses Thema eher im Bereich der Spekulation und sollte vorsichtig betrachtet werden.<\/p>\n\n\n\n<h2 class=\"wp-block-heading\"><strong>Weitere gesundheitliche Probleme von Ingo Naujoks<\/strong><\/h2>\n\n\n\n<p>Neben den Schlaganfall-Ger\u00fcchten gibt es auch Berichte \u00fcber kleinere gesundheitliche Vorf\u00e4lle. Dazu geh\u00f6ren zum Beispiel Unf\u00e4lle oder kurzfristige Verletzungen, die nichts mit einer dauerhaften Krankheit zu tun haben. Solche Ereignisse k\u00f6nnen bei jedem Menschen passieren und sind nicht ungew\u00f6hnlich.<\/p>\n\n\n\n<p>Wichtig ist hier der Unterschied zwischen einer einmaligen Verletzung und einer chronischen Krankheit. W\u00e4hrend ein Unfall meist schnell wieder heilt, w\u00fcrde eine ernsthafte Krankheit langfristige Auswirkungen haben. Bei Ingo Naujoks gibt es jedoch keine best\u00e4tigten Hinweise auf eine solche dauerhafte gesundheitliche Belastung.<\/p>\n\n\n\n<h2 class=\"wp-block-heading\"><strong>Wie geht es Ingo Naujoks heute? Aktueller Gesundheitszustand<\/strong><\/h2>\n\n\n\n<p>Der aktuelle Stand zeigt, dass Ingo Naujoks weiterhin aktiv im Fernsehen zu sehen ist. Seine Rolle in Serien und seine regelm\u00e4\u00dfigen Auftritte sprechen daf\u00fcr, dass er beruflich weiterhin pr\u00e4sent ist. Das ist oft ein gutes Zeichen daf\u00fcr, dass es ihm gesundheitlich stabil geht.<\/p>\n\n\n\n<p>Auch Fans berichten in sozialen Medien, dass er einen normalen und gesunden Eindruck macht. Nat\u00fcrlich kann niemand von au\u00dfen genau beurteilen, wie es einer Person wirklich geht, aber es gibt aktuell keine starken Hinweise auf eine ernsthafte Erkrankung.<\/p>\n\n\n\n<h2 class=\"wp-block-heading\"><strong>Warum entstehen Ger\u00fcchte \u00fcber Krankheiten bei Prominenten?<\/strong><\/h2>\n\n\n\n<p>Die Frage <strong>\u201ewelche Krankheit hat Ingo Naujoks\u201c<\/strong> ist ein gutes Beispiel daf\u00fcr, wie schnell sich Ger\u00fcchte im Internet verbreiten k\u00f6nnen. Oft reicht schon eine kleine Ver\u00e4nderung im Aussehen oder ein seltener TV-Auftritt, um Spekulationen auszul\u00f6sen.<\/p>\n\n\n\n<p>Social Media und Online-Medien verst\u00e4rken diesen Effekt zus\u00e4tzlich. Viele Inhalte werden erstellt, um Aufmerksamkeit zu bekommen, nicht unbedingt um korrekte Informationen zu liefern. Deshalb ist es wichtig, kritisch zu bleiben und Informationen zu hinterfragen.<\/p>\n\n\n\n<h2 class=\"wp-block-heading\"><strong>H\u00e4ufig gestellte Fragen (FAQ) zu \u201ewelche Krankheit hat Ingo Naujoks\u201c<\/strong><\/h2>\n\n\n\n<p>Viele Nutzer stellen immer wieder \u00e4hnliche Fragen zu diesem Thema. Eine der h\u00e4ufigsten ist, ob Ingo Naujoks \u00fcberhaupt krank ist. Die einfache Antwort darauf lautet: Es gibt keine best\u00e4tigten Informationen \u00fcber eine schwere Krankheit.<\/p>\n\n\n\n<p>Eine weitere Frage ist, ob er noch im Fernsehen aktiv ist. Auch hier lautet die Antwort ja. Seine Pr\u00e4senz in Serien zeigt, dass er weiterhin arbeitet und aktiv ist. Das spricht eher gegen ernsthafte gesundheitliche Probleme.<\/p>\n\n\n\n<h2 class=\"wp-block-heading\"><strong>Fazit: Welche Krankheit hat Ingo Naujoks \u2013 Das sollte man wissen<\/strong><\/h2>\n\n\n\n<p>Zusammenfassend l\u00e4sst sich sagen, dass die Frage <strong>\u201ewelche Krankheit hat Ingo Naujoks\u201c<\/strong> aktuell nicht eindeutig beantwortet werden kann, weil es keine best\u00e4tigten Informationen \u00fcber eine schwere Erkrankung gibt. Viele der verbreiteten Aussagen basieren auf Ger\u00fcchten oder unklaren Quellen.<\/p>\n\n\n\n<p>Es ist daher wichtig, solche Themen mit Vorsicht zu betrachten und nicht alles zu glauben, was im Internet steht. Ingo Naujoks bleibt ein erfolgreicher Schauspieler, und es gibt keinen klaren Hinweis darauf, dass er ernsthaft krank ist.<\/p>\n\n\n\n<p>Mehr lesen: <strong><a href=\"https:\/\/gmweekly.de\/index.php\/2026\/04\/19\/mit-wem-ist-frederik-pleitgen-verheiratet\/\">Mit wem ist Frederik Pleitgen verheiratet<\/a><\/strong><\/p>\n","protected":false},"excerpt":{"rendered":"<p>Ingo Naujoks ist ein bekannter deutscher Schauspieler, der vor allem durch die Serie Morden im Norden vielen Menschen ein Begriff geworden ist. Er geh\u00f6rt zu den Darstellern, die durch ihre ruhige und glaubw\u00fcrdige Art auffallen, ohne st\u00e4ndig im Mittelpunkt der Medien zu stehen. Genau diese Mischung aus Bekanntheit und Zur\u00fcckhaltung macht ihn f\u00fcr viele Zuschauer<\/p>\n","protected":false},"author":7,"featured_media":13593,"comment_status":"closed","ping_status":"open","sticky":false,"template":"","format":"standard","meta":{"footnotes":""},"categories":[31],"tags":[258],"class_list":{"0":"post-13592","1":"post","2":"type-post","3":"status-publish","4":"format-standard","5":"has-post-thumbnail","7":"category-lebensstil","8":"tag-welche-krankheit-hat-ingo-naujoks"},"_links":{"self":[{"href":"https:\/\/gmweekly.de\/index.php\/wp-json\/wp\/v2\/posts\/13592","targetHints":{"allow":["GET"]}}],"collection":[{"href":"https:\/\/gmweekly.de\/index.php\/wp-json\/wp\/v2\/posts"}],"about":[{"href":"https:\/\/gmweekly.de\/index.php\/wp-json\/wp\/v2\/types\/post"}],"author":[{"embeddable":true,"href":"https:\/\/gmweekly.de\/index.php\/wp-json\/wp\/v2\/users\/7"}],"replies":[{"embeddable":true,"href":"https:\/\/gmweekly.de\/index.php\/wp-json\/wp\/v2\/comments?post=13592"}],"version-history":[{"count":1,"href":"https:\/\/gmweekly.de\/index.php\/wp-json\/wp\/v2\/posts\/13592\/revisions"}],"predecessor-version":[{"id":13594,"href":"https:\/\/gmweekly.de\/index.php\/wp-json\/wp\/v2\/posts\/13592\/revisions\/13594"}],"wp:featuredmedia":[{"embeddable":true,"href":"https:\/\/gmweekly.de\/index.php\/wp-json\/wp\/v2\/media\/13593"}],"wp:attachment":[{"href":"https:\/\/gmweekly.de\/index.php\/wp-json\/wp\/v2\/media?parent=13592"}],"wp:term":[{"taxonomy":"category","embeddable":true,"href":"https:\/\/gmweekly.de\/index.php\/wp-json\/wp\/v2\/categories?post=13592"},{"taxonomy":"post_tag","embeddable":true,"href":"https:\/\/gmweekly.de\/index.php\/wp-json\/wp\/v2\/tags?post=13592"}],"curies":[{"name":"wp","href":"https:\/\/api.w.org\/{rel}","templated":true}]}}