{"id":13609,"date":"2026-04-23T09:59:29","date_gmt":"2026-04-23T09:59:29","guid":{"rendered":"https:\/\/gmweekly.de\/?p=13609"},"modified":"2026-04-23T09:59:30","modified_gmt":"2026-04-23T09:59:30","slug":"ulrich-klose-rtl-krank-parkinson","status":"publish","type":"post","link":"https:\/\/gmweekly.de\/index.php\/2026\/04\/23\/ulrich-klose-rtl-krank-parkinson\/","title":{"rendered":"Ulrich Klose RTL krank Parkinson \u2013 Wahrheit oder Ger\u00fccht?"},"content":{"rendered":"\n<p>Die Suchanfrage <strong>\u201e<a href=\"https:\/\/de.wikipedia.org\/wiki\/Ulrich_Klose\" target=\"_blank\" rel=\"noopener\">Ulrich Klose<\/a> RTL krank Parkinson\u201c<\/strong> ist in den letzten Jahren immer h\u00e4ufiger geworden. Viele Menschen m\u00f6chten wissen, ob der bekannte Journalist wirklich krank ist oder ob es sich nur um ein Ger\u00fccht handelt. Gerade bei bekannten Personen entstehen schnell Spekulationen, die sich im Internet verbreiten und immer mehr Aufmerksamkeit bekommen.<\/p>\n\n\n\n<p>Ein wichtiger Punkt ist, dass solche Suchanfragen oft durch Neugier entstehen. Menschen interessieren sich f\u00fcr das Leben von bekannten Pers\u00f6nlichkeiten. Gleichzeitig nutzen manche Webseiten solche Themen, um mehr Besucher zu bekommen, auch wenn die Informationen nicht immer sicher sind.<\/p>\n\n\n\n<div class=\"wp-block-rank-math-toc-block\" id=\"rank-math-toc\"><h2>Table of Contents<\/h2><nav><ul><li><a href=\"#wer-ist-ulrich-klose-bei-rtl-karriere-hintergrund\">Wer ist Ulrich Klose bei RTL? (Karriere &amp; Hintergrund)<\/a><\/li><li><a href=\"#ulrich-klose-rtl-krank-gibt-es-offizielle-informationen\">Ulrich Klose RTL krank \u2013 Gibt es offizielle Informationen?<\/a><\/li><li><a href=\"#parkinson-bei-ulrich-klose-was-steckt-hinter-den-geruchten\">Parkinson bei Ulrich Klose \u2013 Was steckt hinter den Ger\u00fcchten?<\/a><\/li><li><a href=\"#was-ist-parkinson-einfach-erklart\">Was ist Parkinson? Einfach erkl\u00e4rt<\/a><\/li><li><a href=\"#warum-verbreiten-sich-promi-krankheitsgeruchte-so-schnell\">Warum verbreiten sich Promi-Krankheitsger\u00fcchte so schnell?<\/a><\/li><li><a href=\"#ulrich-klose-heute-was-macht-er-aktuell\">Ulrich Klose heute \u2013 Was macht er aktuell?<\/a><\/li><li><a href=\"#faktencheck-ulrich-klose-rtl-krank-parkinson-im-uberblick\">Faktencheck: Ulrich Klose RTL krank Parkinson im \u00dcberblick<\/a><\/li><li><a href=\"#fazit-ulrich-klose-rtl-krank-parkinson-das-sollten-sie-wissen\">Fazit: Ulrich Klose RTL krank Parkinson \u2013 Das sollten Sie wissen<\/a><\/li><li><a href=\"#faq-zu-ulrich-klose-rtl-krank-parkinson\">FAQ zu Ulrich Klose RTL krank Parkinson<\/a><\/li><\/ul><\/nav><\/div>\n\n\n\n<h2 class=\"wp-block-heading\" id=\"wer-ist-ulrich-klose-bei-rtl-karriere-hintergrund\"><strong>Wer ist Ulrich Klose bei RTL? (Karriere &amp; Hintergrund)<\/strong><\/h2>\n\n\n\n<p>Ulrich Klose ist ein erfahrener Journalist, der viele Jahre f\u00fcr RTL gearbeitet hat. Besonders bekannt wurde er durch seine Berichte aus Krisengebieten. Er hat aus L\u00e4ndern berichtet, in denen Krieg oder politische Konflikte herrschten. Dadurch hat er sich einen Namen als mutiger Reporter gemacht.<\/p>\n\n\n\n<p>Seine Karriere begann schon fr\u00fch, und \u00fcber die Jahre wurde er zu einem wichtigen Gesicht im deutschen Fernsehen. Viele Zuschauer verbinden ihn mit seri\u00f6ser Berichterstattung. Genau deshalb sorgen Ger\u00fcchte wie <strong>\u201eUlrich Klose RTL krank Parkinson\u201c<\/strong> f\u00fcr besonders viel Aufmerksamkeit, weil er als vertrauensw\u00fcrdige Person gilt.<\/p>\n\n\n\n<figure class=\"wp-block-table\"><table class=\"has-fixed-layout\"><thead><tr><th>Thema<\/th><th>Bedeutung<\/th><\/tr><\/thead><tbody><tr><td>Ulrich Klose<\/td><td>Deutscher RTL Journalist<\/td><\/tr><tr><td>krank<\/td><td>Frage nach Gesundheit<\/td><\/tr><tr><td>Parkinson<\/td><td>Krankheit, oft Thema bei Ger\u00fcchten<\/td><\/tr><tr><td>Wahrheit<\/td><td>Noch unklar, viele Spekulationen<\/td><\/tr><\/tbody><\/table><\/figure>\n\n\n\n<h2 class=\"wp-block-heading\" id=\"ulrich-klose-rtl-krank-gibt-es-offizielle-informationen\"><strong>Ulrich Klose RTL krank \u2013 Gibt es offizielle Informationen?<\/strong><\/h2>\n\n\n\n<p>Viele Menschen suchen nach klaren Antworten, wenn es um <strong>\u201eUlrich Klose RTL krank\u201c<\/strong> geht. Doch wenn man sich die Fakten anschaut, findet man keine best\u00e4tigten Aussagen von offiziellen Quellen. Weder RTL noch Ulrich Klose selbst haben \u00f6ffentlich best\u00e4tigt, dass er ernsthaft krank ist.<\/p>\n\n\n\n<p>Das zeigt, wie wichtig es ist, zwischen echten Informationen und Ger\u00fcchten zu unterscheiden. Nur weil etwas oft gesucht oder erw\u00e4hnt wird, bedeutet es nicht, dass es auch stimmt. Besonders bei sensiblen Themen wie Gesundheit sollte man vorsichtig sein.<\/p>\n\n\n\n<h2 class=\"wp-block-heading\" id=\"parkinson-bei-ulrich-klose-was-steckt-hinter-den-geruchten\"><strong>Parkinson bei Ulrich Klose \u2013 Was steckt hinter den Ger\u00fcchten?<\/strong><\/h2>\n\n\n\n<p>Die Kombination <strong>\u201eUlrich Klose Parkinson\u201c<\/strong> taucht h\u00e4ufig im Internet auf. Viele fragen sich, ob diese Krankheit wirklich bei ihm diagnostiziert wurde. Doch bisher gibt es keine glaubw\u00fcrdigen Beweise daf\u00fcr. Die meisten Informationen stammen aus unsicheren Quellen.<\/p>\n\n\n\n<p>Ger\u00fcchte entstehen oft durch kleine Hinweise oder Ver\u00e4nderungen, die Menschen beobachten. Manchmal reicht schon ein Video oder ein Foto, um Spekulationen auszul\u00f6sen. Daraus entwickeln sich schnell Geschichten, die sich weiter verbreiten, auch wenn sie nicht best\u00e4tigt sind.<\/p>\n\n\n\n<h2 class=\"wp-block-heading\" id=\"was-ist-parkinson-einfach-erklart\"><strong>Was ist Parkinson? Einfach erkl\u00e4rt<\/strong><\/h2>\n\n\n\n<p>Parkinson ist eine Krankheit, die das Nervensystem betrifft. Sie beeinflusst vor allem die Bewegungen eines Menschen. Typische Symptome sind Zittern, langsame Bewegungen und Muskelsteifheit. Die Krankheit entwickelt sich meist langsam \u00fcber viele Jahre.<\/p>\n\n\n\n<p>Viele Menschen kennen Parkinson, weil einige bekannte Pers\u00f6nlichkeiten daran erkrankt sind. Trotzdem sollte man vorsichtig sein, wenn man solche Krankheiten mit bestimmten Personen verbindet, ohne sichere Informationen zu haben. Gerade bei der Suche nach <strong>\u201eUlrich Klose RTL krank Parkinson\u201c<\/strong> ist das besonders wichtig.<\/p>\n\n\n\n<p><strong>Typische Symptome von Parkinson:<\/strong><\/p>\n\n\n\n<ul class=\"wp-block-list\">\n<li>Zittern der H\u00e4nde<\/li>\n\n\n\n<li>Langsame Bewegungen<\/li>\n\n\n\n<li>Steife Muskeln<\/li>\n\n\n\n<li>Probleme mit Gleichgewicht<\/li>\n<\/ul>\n\n\n\n<h2 class=\"wp-block-heading\" id=\"warum-verbreiten-sich-promi-krankheitsgeruchte-so-schnell\"><strong>Warum verbreiten sich Promi-Krankheitsger\u00fcchte so schnell?<\/strong><\/h2>\n\n\n\n<p>Ger\u00fcchte \u00fcber Krankheiten von Prominenten verbreiten sich sehr schnell. Ein Grund daf\u00fcr ist die Neugier der Menschen. Viele wollen wissen, wie es bekannten Pers\u00f6nlichkeiten geht. Gleichzeitig sorgen solche Themen f\u00fcr viele Klicks im Internet.<\/p>\n\n\n\n<p>Ein weiterer Grund ist die Rolle von sozialen Medien. Informationen werden dort schnell geteilt, ohne dass sie \u00fcberpr\u00fcft werden. Dadurch entstehen oft falsche Vorstellungen. Die Suchanfrage <strong>\u201eUlrich Klose RTL krank Parkinson\u201c<\/strong> ist ein gutes Beispiel daf\u00fcr, wie sich solche Themen verbreiten k\u00f6nnen.<\/p>\n\n\n\n<h2 class=\"wp-block-heading\" id=\"ulrich-klose-heute-was-macht-er-aktuell\"><strong>Ulrich Klose heute \u2013 Was macht er aktuell?<\/strong><\/h2>\n\n\n\n<p>Viele fragen sich, was Ulrich Klose heute macht. Nach seiner langen Karriere bei RTL hat er sich etwas aus der \u00d6ffentlichkeit zur\u00fcckgezogen. Trotzdem bleibt er f\u00fcr viele Menschen eine bekannte und respektierte Pers\u00f6nlichkeit.<\/p>\n\n\n\n<p>Es gibt nur wenige aktuelle Informationen \u00fcber sein Privatleben. Das zeigt auch, dass er sein Leben eher ruhig und privat f\u00fchrt. Gerade deshalb entstehen manchmal Ger\u00fcchte, weil es wenig neue Informationen gibt.<\/p>\n\n\n\n<h2 class=\"wp-block-heading\" id=\"faktencheck-ulrich-klose-rtl-krank-parkinson-im-uberblick\"><strong>Faktencheck: Ulrich Klose RTL krank Parkinson im \u00dcberblick<\/strong><\/h2>\n\n\n\n<p>Wenn man alle Informationen zusammenfasst, wird schnell klar, dass es keine best\u00e4tigten Beweise f\u00fcr die Behauptung gibt. Die meisten Inhalte im Internet basieren auf Vermutungen oder unklaren Quellen.<\/p>\n\n\n\n<p><strong>Wichtige Fakten im \u00dcberblick:<\/strong><\/p>\n\n\n\n<ul class=\"wp-block-list\">\n<li>Keine offizielle Best\u00e4tigung einer Krankheit<\/li>\n\n\n\n<li>Keine verl\u00e4sslichen Berichte \u00fcber Parkinson<\/li>\n\n\n\n<li>Viele Ger\u00fcchte stammen aus unsicheren Quellen<\/li>\n\n\n\n<li>Vorsicht bei sensiblen Themen wie Gesundheit<\/li>\n<\/ul>\n\n\n\n<p>Das zeigt deutlich, dass man solche Themen immer kritisch betrachten sollte. Besonders bei bekannten Personen ist es wichtig, nur auf seri\u00f6se Informationen zu vertrauen.<\/p>\n\n\n\n<h2 class=\"wp-block-heading\" id=\"fazit-ulrich-klose-rtl-krank-parkinson-das-sollten-sie-wissen\"><strong>Fazit: Ulrich Klose RTL krank Parkinson \u2013 Das sollten Sie wissen<\/strong><\/h2>\n\n\n\n<p>Die Suchanfrage <strong>\u201eUlrich Klose RTL krank Parkinson\u201c<\/strong> zeigt, wie schnell sich Ger\u00fcchte im Internet verbreiten k\u00f6nnen. Viele Menschen suchen nach Antworten, doch oft gibt es keine klaren Informationen. In diesem Fall fehlen best\u00e4tigte Aussagen komplett.<\/p>\n\n\n\n<p>Am Ende ist es wichtig, respektvoll mit solchen Themen umzugehen. Krankheiten sind ein sensibles Thema, und nicht jede Information im Internet ist richtig. Wer sich informiert, sollte immer auf verl\u00e4ssliche Quellen achten und nicht alles sofort glauben.<\/p>\n\n\n\n<h2 class=\"wp-block-heading\" id=\"faq-zu-ulrich-klose-rtl-krank-parkinson\"><strong>FAQ zu Ulrich Klose RTL krank Parkinson<\/strong><\/h2>\n\n\n\n<p><strong>Hat Ulrich Klose wirklich Parkinson?<\/strong><br>Nein, es gibt keine best\u00e4tigten Informationen dazu.<\/p>\n\n\n\n<p><strong>Ist Ulrich Klose aktuell krank?<\/strong><br>Es gibt keine offiziellen Aussagen \u00fcber eine Krankheit.<\/p>\n\n\n\n<p><strong>Warum gibt es so viele Ger\u00fcchte?<\/strong><br>Weil Menschen neugierig sind und sich solche Themen schnell verbreiten.<\/p>\n\n\n\n<p><strong>Was macht Ulrich Klose heute?<\/strong><br>Er lebt eher zur\u00fcckgezogen nach seiner Karriere bei RTL.<\/p>\n\n\n\n<p>Mehr lesen: <strong><a href=\"https:\/\/gmweekly.de\/index.php\/2026\/04\/23\/ehemann-geschieden-tamina-kallert-kinder\/\">Ehemann Geschieden Tamina Kallert Kinder<\/a><\/strong><\/p>\n","protected":false},"excerpt":{"rendered":"<p>Die Suchanfrage \u201eUlrich Klose RTL krank Parkinson\u201c ist in den letzten Jahren immer h\u00e4ufiger geworden. Viele Menschen m\u00f6chten wissen, ob der bekannte Journalist wirklich krank ist oder ob es sich nur um ein Ger\u00fccht handelt. Gerade bei bekannten Personen entstehen schnell Spekulationen, die sich im Internet verbreiten und immer mehr Aufmerksamkeit bekommen. Ein wichtiger Punkt<\/p>\n","protected":false},"author":7,"featured_media":13610,"comment_status":"closed","ping_status":"open","sticky":false,"template":"","format":"standard","meta":{"footnotes":""},"categories":[31],"tags":[263],"class_list":{"0":"post-13609","1":"post","2":"type-post","3":"status-publish","4":"format-standard","5":"has-post-thumbnail","7":"category-lebensstil","8":"tag-ulrich-klose-rtl-krank-parkinson"},"_links":{"self":[{"href":"https:\/\/gmweekly.de\/index.php\/wp-json\/wp\/v2\/posts\/13609","targetHints":{"allow":["GET"]}}],"collection":[{"href":"https:\/\/gmweekly.de\/index.php\/wp-json\/wp\/v2\/posts"}],"about":[{"href":"https:\/\/gmweekly.de\/index.php\/wp-json\/wp\/v2\/types\/post"}],"author":[{"embeddable":true,"href":"https:\/\/gmweekly.de\/index.php\/wp-json\/wp\/v2\/users\/7"}],"replies":[{"embeddable":true,"href":"https:\/\/gmweekly.de\/index.php\/wp-json\/wp\/v2\/comments?post=13609"}],"version-history":[{"count":1,"href":"https:\/\/gmweekly.de\/index.php\/wp-json\/wp\/v2\/posts\/13609\/revisions"}],"predecessor-version":[{"id":13611,"href":"https:\/\/gmweekly.de\/index.php\/wp-json\/wp\/v2\/posts\/13609\/revisions\/13611"}],"wp:featuredmedia":[{"embeddable":true,"href":"https:\/\/gmweekly.de\/index.php\/wp-json\/wp\/v2\/media\/13610"}],"wp:attachment":[{"href":"https:\/\/gmweekly.de\/index.php\/wp-json\/wp\/v2\/media?parent=13609"}],"wp:term":[{"taxonomy":"category","embeddable":true,"href":"https:\/\/gmweekly.de\/index.php\/wp-json\/wp\/v2\/categories?post=13609"},{"taxonomy":"post_tag","embeddable":true,"href":"https:\/\/gmweekly.de\/index.php\/wp-json\/wp\/v2\/tags?post=13609"}],"curies":[{"name":"wp","href":"https:\/\/api.w.org\/{rel}","templated":true}]}}