{"id":13615,"date":"2026-04-25T10:27:39","date_gmt":"2026-04-25T10:27:39","guid":{"rendered":"https:\/\/gmweekly.de\/?p=13615"},"modified":"2026-04-25T10:27:40","modified_gmt":"2026-04-25T10:27:40","slug":"isabel-schayani-partner","status":"publish","type":"post","link":"https:\/\/gmweekly.de\/index.php\/2026\/04\/25\/isabel-schayani-partner\/","title":{"rendered":"Isabel Schayani Partner \u2013 Was ist \u00fcber ihr Privatleben bekannt?"},"content":{"rendered":"\n<p>Die Frage nach dem <strong>\u201e<a href=\"https:\/\/de.wikipedia.org\/wiki\/Isabel_Schayani\" target=\"_blank\" rel=\"noopener\">Isabel Schayani<\/a> Partner\u201c<\/strong> kommt oft, aber zuerst sollte man verstehen, wer sie ist. Isabel Schayani ist eine bekannte deutsche Journalistin. Sie arbeitet f\u00fcr gro\u00dfe Sender wie WDR und ARD und berichtet \u00fcber wichtige Themen wie Migration, Politik und Gesellschaft. Durch ihre ruhige Art wirkt sie sehr professionell und konzentriert sich stark auf ihre Arbeit.<\/p>\n\n\n\n<p>Viele Menschen sehen sie regelm\u00e4\u00dfig im Fernsehen, aber wissen wenig \u00fcber ihr Leben au\u00dferhalb der Kamera. Genau deshalb suchen viele nach Begriffen wie <strong>Isabel Schayani Partner<\/strong>, um mehr \u00fcber ihre pers\u00f6nliche Seite zu erfahren. Doch im Vergleich zu anderen \u00f6ffentlichen Personen bleibt sie sehr zur\u00fcckhaltend.<\/p>\n\n\n\n<figure class=\"wp-block-table\"><table class=\"has-fixed-layout\"><thead><tr><th>Kategorie<\/th><th>Information<\/th><\/tr><\/thead><tbody><tr><td>Beruf<\/td><td>Journalistin<\/td><\/tr><tr><td>Bekannt durch<\/td><td>ARD, WDR<\/td><\/tr><tr><td>Themen<\/td><td>Migration, Gesellschaft<\/td><\/tr><tr><td>Privatleben<\/td><td>Sehr privat<\/td><\/tr><tr><td>Beziehung<\/td><td>Nicht best\u00e4tigt<\/td><\/tr><\/tbody><\/table><\/figure>\n\n\n\n<div class=\"wp-block-rank-math-toc-block\" id=\"rank-math-toc\"><h2>Table of Contents<\/h2><nav><ul><li><a href=\"#isabel-schayani-partner-ist-sie-verheiratet-oder-in-einer-beziehung\">Isabel Schayani Partner \u2013 Ist sie verheiratet oder in einer Beziehung?<\/a><\/li><li><a href=\"#gibt-es-einen-bestatigten-partner-von-isabel-schayani\">Gibt es einen best\u00e4tigten Partner von Isabel Schayani?<\/a><\/li><li><a href=\"#warum-halt-isabel-schayani-ihr-privatleben-geheim\">Warum h\u00e4lt Isabel Schayani ihr Privatleben geheim?<\/a><\/li><li><a href=\"#familie-und-personliche-details-von-isabel-schayani\">Familie und pers\u00f6nliche Details von Isabel Schayani<\/a><\/li><li><a href=\"#haufige-fragen-zu-isabel-schayani-partner\">H\u00e4ufige Fragen zu Isabel Schayani Partner<\/a><\/li><li><a href=\"#fakten-und-zusammenfassung-zu-isabel-schayani-partner\">Fakten und Zusammenfassung zu Isabel Schayani Partner<\/a><\/li><li><a href=\"#fazit-isabel-schayani-partner-und-ihr-privates-leben\">Fazit: Isabel Schayani Partner und ihr privates Leben<\/a><\/li><\/ul><\/nav><\/div>\n\n\n\n<h2 class=\"wp-block-heading\" id=\"isabel-schayani-partner-ist-sie-verheiratet-oder-in-einer-beziehung\"><strong>Isabel Schayani Partner \u2013 Ist sie verheiratet oder in einer Beziehung?<\/strong><\/h2>\n\n\n\n<p>Wenn man nach <strong>Isabel Schayani Partner<\/strong> sucht, stellt man schnell fest, dass es keine klaren Informationen gibt. Es gibt keine best\u00e4tigten Berichte dar\u00fcber, ob sie verheiratet ist oder in einer Beziehung lebt. Das macht das Thema f\u00fcr viele Menschen interessant, aber auch unklar.<\/p>\n\n\n\n<p>Viele Journalisten entscheiden sich bewusst daf\u00fcr, ihr Privatleben nicht \u00f6ffentlich zu machen. Das scheint auch bei Isabel Schayani der Fall zu sein. Sie zeigt keine Hinweise auf einen Partner in Interviews oder \u00f6ffentlichen Auftritten. Daher bleibt die Frage nach dem <strong>Isabel Schayani Partner<\/strong> offen.<\/p>\n\n\n\n<h2 class=\"wp-block-heading\" id=\"gibt-es-einen-bestatigten-partner-von-isabel-schayani\"><strong>Gibt es einen best\u00e4tigten Partner von Isabel Schayani?<\/strong><\/h2>\n\n\n\n<p>Bis heute gibt es keine offiziellen Angaben zu einem <strong>Isabel Schayani Partner<\/strong>. Weder Medienberichte noch eigene Aussagen best\u00e4tigen eine Beziehung. Das bedeutet nicht, dass sie keinen Partner hat, sondern nur, dass es nicht \u00f6ffentlich bekannt ist.<\/p>\n\n\n\n<p>Gerade bei seri\u00f6sen Journalisten ist es \u00fcblich, dass sie ihr Privatleben sch\u00fctzen. Dadurch entstehen weniger Ger\u00fcchte und mehr Fokus auf die Arbeit. Bei Isabel Schayani steht klar ihre Karriere im Mittelpunkt, nicht ihr Beziehungsstatus.<\/p>\n\n\n\n<h2 class=\"wp-block-heading\" id=\"warum-halt-isabel-schayani-ihr-privatleben-geheim\"><strong>Warum h\u00e4lt Isabel Schayani ihr Privatleben geheim?<\/strong><\/h2>\n\n\n\n<p>Ein wichtiger Punkt beim Thema <strong>Isabel Schayani Partner<\/strong> ist ihre bewusste Entscheidung f\u00fcr Privatsph\u00e4re. In der Medienwelt gibt es viele Menschen, die ihr Leben \u00f6ffentlich teilen. Andere, wie sie, gehen einen anderen Weg.<\/p>\n\n\n\n<p>Privatsph\u00e4re sch\u00fctzt nicht nur die Person selbst, sondern auch Familie und m\u00f6gliche Partner. Gerade bei sensiblen Themen, \u00fcber die sie berichtet, ist ein ruhiges Privatleben oft wichtig. Deshalb gibt es kaum Informationen \u00fcber einen m\u00f6glichen <strong>Isabel Schayani Partner<\/strong>.<\/p>\n\n\n\n<h2 class=\"wp-block-heading\" id=\"familie-und-personliche-details-von-isabel-schayani\"><strong>Familie und pers\u00f6nliche Details von Isabel Schayani<\/strong><\/h2>\n\n\n\n<p>Neben der Frage nach dem <strong>Isabel Schayani Partner<\/strong> interessieren sich viele auch f\u00fcr ihre Familie. Doch auch hier sind nur wenige Informationen bekannt. Sie spricht selten \u00fcber private Themen und konzentriert sich auf ihre journalistische Arbeit.<\/p>\n\n\n\n<p>Es ist nicht bekannt, ob sie Kinder hat oder wie ihr Alltag au\u00dferhalb der Arbeit aussieht. Diese Zur\u00fcckhaltung zeigt, wie wichtig ihr die Trennung zwischen Beruf und Privatleben ist. Dadurch bleibt auch das Thema <strong>Isabel Schayani Partner<\/strong> weiterhin unklar.<\/p>\n\n\n\n<h2 class=\"wp-block-heading\" id=\"haufige-fragen-zu-isabel-schayani-partner\"><strong>H\u00e4ufige Fragen zu Isabel Schayani Partner<\/strong><\/h2>\n\n\n\n<p>Viele Suchanfragen drehen sich um \u00e4hnliche Fragen rund um <strong>Isabel Schayani Partner<\/strong>. Diese Fragen zeigen, wie gro\u00df das Interesse ist, obwohl es nur wenige Antworten gibt.<\/p>\n\n\n\n<p>H\u00e4ufig gestellte Fragen sind:<\/p>\n\n\n\n<ul class=\"wp-block-list\">\n<li>Ist Isabel Schayani verheiratet?<\/li>\n\n\n\n<li>Gibt es einen Ehemann oder Freund?<\/li>\n\n\n\n<li>Hat sie Kinder?<\/li>\n\n\n\n<li>Warum spricht sie nicht \u00fcber ihr Privatleben?<\/li>\n<\/ul>\n\n\n\n<p>Diese Fragen bleiben meist ohne klare Antwort. Das zeigt, dass ihr Privatleben bewusst gesch\u00fctzt wird und nicht Teil ihrer \u00f6ffentlichen Rolle ist.<\/p>\n\n\n\n<h2 class=\"wp-block-heading\" id=\"fakten-und-zusammenfassung-zu-isabel-schayani-partner\"><strong>Fakten und Zusammenfassung zu Isabel Schayani Partner<\/strong><\/h2>\n\n\n\n<p>Beim Thema <strong>Isabel Schayani Partner<\/strong> gibt es einige klare Fakten, aber auch viele offene Punkte. Wichtig ist, zwischen best\u00e4tigten Informationen und Vermutungen zu unterscheiden.<\/p>\n\n\n\n<p>Wichtige Punkte zusammengefasst:<\/p>\n\n\n\n<ul class=\"wp-block-list\">\n<li>Kein best\u00e4tigter Partner bekannt<\/li>\n\n\n\n<li>Keine \u00f6ffentlichen Aussagen zu Beziehungen<\/li>\n\n\n\n<li>Starker Fokus auf Karriere<\/li>\n\n\n\n<li>Privatleben wird bewusst gesch\u00fctzt<\/li>\n<\/ul>\n\n\n\n<p>Diese Fakten helfen dabei, die Situation besser zu verstehen, auch wenn nicht alle Fragen beantwortet werden k\u00f6nnen.<\/p>\n\n\n\n<h2 class=\"wp-block-heading\" id=\"fazit-isabel-schayani-partner-und-ihr-privates-leben\"><strong>Fazit: Isabel Schayani Partner und ihr privates Leben<\/strong><\/h2>\n\n\n\n<p>Zusammenfassend l\u00e4sst sich sagen, dass das Thema <strong>Isabel Schayani Partner<\/strong> viele Menschen interessiert, aber nur wenige konkrete Antworten liefert. Sie geh\u00f6rt zu den Personen, die ihr Privatleben bewusst aus der \u00d6ffentlichkeit heraushalten.<\/p>\n\n\n\n<p>Das zeigt auch eine wichtige Sache: Nicht jede bekannte Person m\u00f6chte ihr Leben teilen. Bei Isabel Schayani steht ihre Arbeit im Mittelpunkt, nicht ihr Beziehungsstatus. Deshalb bleibt die Frage nach dem <strong>Isabel Schayani Partner<\/strong> offen und respektiert werden sollte ihre Entscheidung f\u00fcr Privatsph\u00e4re.<\/p>\n\n\n\n<p>Mehr lesen: <strong><a href=\"https:\/\/gmweekly.de\/index.php\/2026\/04\/25\/aleksandar-jovanovic-krankheit\/\">Aleksandar Jovanovi\u0107 Krankheit<\/a><\/strong><\/p>\n","protected":false},"excerpt":{"rendered":"<p>Die Frage nach dem \u201eIsabel Schayani Partner\u201c kommt oft, aber zuerst sollte man verstehen, wer sie ist. Isabel Schayani ist eine bekannte deutsche Journalistin. Sie arbeitet f\u00fcr gro\u00dfe Sender wie WDR und ARD und berichtet \u00fcber wichtige Themen wie Migration, Politik und Gesellschaft. Durch ihre ruhige Art wirkt sie sehr professionell und konzentriert sich stark<\/p>\n","protected":false},"author":7,"featured_media":13616,"comment_status":"closed","ping_status":"open","sticky":false,"template":"","format":"standard","meta":{"footnotes":""},"categories":[31],"tags":[265],"class_list":{"0":"post-13615","1":"post","2":"type-post","3":"status-publish","4":"format-standard","5":"has-post-thumbnail","7":"category-lebensstil","8":"tag-isabel-schayani-partner"},"_links":{"self":[{"href":"https:\/\/gmweekly.de\/index.php\/wp-json\/wp\/v2\/posts\/13615","targetHints":{"allow":["GET"]}}],"collection":[{"href":"https:\/\/gmweekly.de\/index.php\/wp-json\/wp\/v2\/posts"}],"about":[{"href":"https:\/\/gmweekly.de\/index.php\/wp-json\/wp\/v2\/types\/post"}],"author":[{"embeddable":true,"href":"https:\/\/gmweekly.de\/index.php\/wp-json\/wp\/v2\/users\/7"}],"replies":[{"embeddable":true,"href":"https:\/\/gmweekly.de\/index.php\/wp-json\/wp\/v2\/comments?post=13615"}],"version-history":[{"count":1,"href":"https:\/\/gmweekly.de\/index.php\/wp-json\/wp\/v2\/posts\/13615\/revisions"}],"predecessor-version":[{"id":13617,"href":"https:\/\/gmweekly.de\/index.php\/wp-json\/wp\/v2\/posts\/13615\/revisions\/13617"}],"wp:featuredmedia":[{"embeddable":true,"href":"https:\/\/gmweekly.de\/index.php\/wp-json\/wp\/v2\/media\/13616"}],"wp:attachment":[{"href":"https:\/\/gmweekly.de\/index.php\/wp-json\/wp\/v2\/media?parent=13615"}],"wp:term":[{"taxonomy":"category","embeddable":true,"href":"https:\/\/gmweekly.de\/index.php\/wp-json\/wp\/v2\/categories?post=13615"},{"taxonomy":"post_tag","embeddable":true,"href":"https:\/\/gmweekly.de\/index.php\/wp-json\/wp\/v2\/tags?post=13615"}],"curies":[{"name":"wp","href":"https:\/\/api.w.org\/{rel}","templated":true}]}}