{"id":13636,"date":"2026-04-29T10:13:33","date_gmt":"2026-04-29T10:13:33","guid":{"rendered":"https:\/\/gmweekly.de\/?p=13636"},"modified":"2026-04-29T10:13:34","modified_gmt":"2026-04-29T10:13:34","slug":"benjamin-bieneck","status":"publish","type":"post","link":"https:\/\/gmweekly.de\/index.php\/2026\/04\/29\/benjamin-bieneck\/","title":{"rendered":"Benjamin Bieneck: Wer ist er? Leben, Karriere und Privatleben des Sat.1 Moderators"},"content":{"rendered":"\n<p><strong><a href=\"https:\/\/de.wikipedia.org\/wiki\/Benjamin_Bieneck\" target=\"_blank\" rel=\"noopener\">Benjamin Bieneck<\/a><\/strong>, oft als <strong>Benji Bieneck<\/strong> bekannt, ist ein prominenter deutscher TV-Journalist und Moderator. Vor allem ist er durch seine Arbeit beim <strong>Sat.1 Fr\u00fchst\u00fccksfernsehen<\/strong> einem breiten Publikum bekannt geworden. Seine Kombination aus Charme, Fachwissen und Humor machte ihn zu einem der beliebtesten Gesichter der deutschen Fernsehwelt.<\/p>\n\n\n\n<p>Benjamin Bieneck ist nicht nur ein Reporter, sondern auch ein Moderator, der die F\u00e4higkeit besitzt, komplexe Themen einfach zu erkl\u00e4ren. Seine Zuschauer sch\u00e4tzen ihn f\u00fcr seine Authentizit\u00e4t und seinen klaren Stil, wodurch er Vertrauen bei seinem Publikum aufgebaut hat. Viele m\u00f6chten mehr \u00fcber seine Karriere, sein Privatleben und seine pers\u00f6nlichen Erfolge erfahren, was ihn zu einem spannenden Thema f\u00fcr Fans und Medieninteressierte macht.<\/p>\n\n\n\n<div class=\"wp-block-rank-math-toc-block\" id=\"rank-math-toc\"><h2>Table of Contents<\/h2><nav><ul><li><a href=\"#fruhes-leben-ausbildung-von-benjamin-bieneck\">Fr\u00fches Leben &amp; Ausbildung von Benjamin Bieneck<\/a><\/li><li><a href=\"#wie-begann-die-karriere-von-benjamin-bieneck-im-tv\">Wie begann die Karriere von Benjamin Bieneck im TV?<\/a><\/li><li><a href=\"#benjamin-bieneck-bei-sat-1-fruhstucksfernsehen\">Benjamin Bieneck bei Sat.1 Fr\u00fchst\u00fccksfernsehen<\/a><\/li><li><a href=\"#abschied-vom-sat-1-fruhstucksfernsehen\">Abschied vom Sat.1 Fr\u00fchst\u00fccksfernsehen<\/a><\/li><li><a href=\"#personliches-leben-und-personlichkeit\">Pers\u00f6nliches Leben und Pers\u00f6nlichkeit<\/a><\/li><li><a href=\"#fun-facts-unerwartete-details\">Fun Facts &amp; unerwartete Details<\/a><\/li><li><a href=\"#einfluss-wirkung-in-den-medien\">Einfluss &amp; Wirkung in den Medien<\/a><\/li><li><a href=\"#schlussfolgerung-benjamin-bieneck-und-sein-vermachtnis\">Schlussfolgerung: Benjamin Bieneck und sein Verm\u00e4chtnis<\/a><\/li><li><a href=\"#liste-der-wichtigsten-fakten-uber-benjamin-bieneck\">Liste der wichtigsten Fakten \u00fcber Benjamin Bieneck<\/a><\/li><\/ul><\/nav><\/div>\n\n\n\n<h2 class=\"wp-block-heading\" id=\"fruhes-leben-ausbildung-von-benjamin-bieneck\"><strong>Fr\u00fches Leben &amp; Ausbildung von Benjamin Bieneck<\/strong><\/h2>\n\n\n\n<p>Benjamin Bieneck wurde am <strong>7. Mai 1983 in Frankfurt am Main<\/strong> geboren. Schon fr\u00fch zeigte er ein starkes Interesse an Medien und Kommunikation, gepaart mit einer Leidenschaft f\u00fcr Musik. Er erhielt eine <strong>klassische Gesangsausbildung<\/strong> und sammelte erste Erfahrungen als Chorsolist, was seine k\u00fcnstlerische Seite pr\u00e4gte.<\/p>\n\n\n\n<p>Seine schulische und akademische Laufbahn begann mit einem <strong>Jura-Studium<\/strong>, das er erfolgreich absolvierte, bevor er sich bewusst f\u00fcr den Weg in den Journalismus entschied. Benjamin besuchte verschiedene Studienorte, darunter <strong>Passau<\/strong>, <strong>M\u00fcnchen<\/strong> und sogar <strong>Kapstadt<\/strong>, wodurch er internationale Erfahrungen sammeln konnte. Dieses breite Fundament legte den Grundstein f\u00fcr seine sp\u00e4tere Karriere in der Medienwelt.<\/p>\n\n\n\n<h2 class=\"wp-block-heading\" id=\"wie-begann-die-karriere-von-benjamin-bieneck-im-tv\"><strong>Wie begann die Karriere von Benjamin Bieneck im TV?<\/strong><\/h2>\n\n\n\n<p>Benjamin Bienecks Einstieg in die Medienwelt begann mit <strong>Praktika und Volontariaten<\/strong> bei renommierten Sendern wie <strong>ZDF<\/strong> und <strong>ProSieben<\/strong>. Durch diese T\u00e4tigkeiten konnte er wertvolle journalistische Erfahrungen sammeln und sich ein Netzwerk in der Branche aufbauen.<\/p>\n\n\n\n<p>Seine erste gr\u00f6\u00dfere Bekanntheit erlangte er als <strong>Promi-Reporter<\/strong>. Besonders seine Arbeit bei der Sendung <strong>taff<\/strong> machte ihn einem breiten Publikum bekannt, wo er unter anderem die Rubrik <em>\u201eBeef mit Benji\u201c<\/em> moderierte. Durch seine Expertise im Bereich Prominente und Gesellschaftsthemen wurde er schnell als zuverl\u00e4ssiger Experte wahrgenommen, der unterhaltsam und gleichzeitig informativ berichtet.<\/p>\n\n\n\n<h2 class=\"wp-block-heading\" id=\"benjamin-bieneck-bei-sat-1-fruhstucksfernsehen\"><strong>Benjamin Bieneck bei Sat.1 Fr\u00fchst\u00fccksfernsehen<\/strong><\/h2>\n\n\n\n<p>Benjamin Bieneck wechselte zum <strong>Sat.1 Fr\u00fchst\u00fccksfernsehen<\/strong>, wo er zun\u00e4chst als Gesellschafts- und Promi-Experte t\u00e4tig war. Er berichtete \u00fcber Ereignisse des \u00f6ffentlichen Lebens, prominente Pers\u00f6nlichkeiten und kulturelle Highlights.<\/p>\n\n\n\n<p>Mit der Zeit wuchs seine Rolle, und er \u00fcbernahm <strong>regelm\u00e4\u00dfig die Moderation<\/strong> der Morgenshow. Zu seinen H\u00f6hepunkten z\u00e4hlen Live-Berichterstattungen von gro\u00dfen Veranstaltungen, Interviews mit Prominenten und exklusive Einblicke hinter die Kulissen der TV-Branche. Seine Zuschauer sch\u00e4tzen die Mischung aus Professionalit\u00e4t, Sympathie und Humor, die Benjamin in die Sendung bringt.<\/p>\n\n\n\n<h2 class=\"wp-block-heading\" id=\"abschied-vom-sat-1-fruhstucksfernsehen\"><strong>Abschied vom Sat.1 Fr\u00fchst\u00fccksfernsehen<\/strong><\/h2>\n\n\n\n<p>Im <strong>Oktober 2025<\/strong> verk\u00fcndete Benjamin Bieneck \u00fcberraschend seinen <strong>Abschied vom Sat.1 Fr\u00fchst\u00fccksfernsehen<\/strong>. Nach \u00fcber zehn Jahren im Fernsehen entschied er sich, neue Wege zu gehen und sich auf andere Projekte zu konzentrieren.<\/p>\n\n\n\n<p>Sein Abschied wurde sowohl von Kollegen als auch von Zuschauern emotional aufgenommen. Zahlreiche Dankesbotschaften und R\u00fcckblicke auf seine Karriere zeigen, wie beliebt Benjamin Bieneck beim Publikum war. Viele Fans fragen sich nun, welche neuen Projekte ihn erwarten und wie er seine Karriere nach dem Fernsehen gestalten wird.<\/p>\n\n\n\n<h2 class=\"wp-block-heading\" id=\"personliches-leben-und-personlichkeit\"><strong>Pers\u00f6nliches Leben und Pers\u00f6nlichkeit<\/strong><\/h2>\n\n\n\n<p>Benjamin Bieneck hat \u00f6ffentlich \u00fcber seine <strong>Gesundheitsprobleme<\/strong>, einschlie\u00dflich einer Krebserkrankung, gesprochen und damit gezeigt, wie wichtig ihm Transparenz und Authentizit\u00e4t sind. Er meisterte diese schwierige Zeit mit Entschlossenheit, was ihm Respekt und Bewunderung einbrachte.<\/p>\n\n\n\n<p>Privat lebt er ein <strong>bewusstes und aktives Leben<\/strong>, das seine Interessen in Musik, Sport und Kultur widerspiegelt. Benjamin hat sich als offen schwul geoutet, was viele Zuschauer als mutig und inspirierend empfinden. Seine Pers\u00f6nlichkeit kombiniert Professionalit\u00e4t mit einer menschlichen und zug\u00e4nglichen Art, die ihn besonders sympathisch macht.<\/p>\n\n\n\n<h2 class=\"wp-block-heading\" id=\"fun-facts-unerwartete-details\"><strong>Fun Facts &amp; unerwartete Details<\/strong><\/h2>\n\n\n\n<p>Benjamin Bieneck ist nicht nur Moderator, sondern auch k\u00fcnstlerisch begabt:<\/p>\n\n\n\n<ul class=\"wp-block-list\">\n<li>Klassische Gesangsausbildung und Chorerfahrung<\/li>\n\n\n\n<li>Leidenschaft f\u00fcr Theater und Musicals<\/li>\n\n\n\n<li>Teilnahme an exklusiven TV-Events und roten Teppichen<\/li>\n<\/ul>\n\n\n\n<p><strong>Tabelle: Karriere-Highlights von Benjamin Bieneck<\/strong><\/p>\n\n\n\n<figure class=\"wp-block-table\"><table class=\"has-fixed-layout\"><thead><tr><th>Jahr<\/th><th>Ereignis<\/th><th>Rolle\/Beitrag<\/th><\/tr><\/thead><tbody><tr><td>2005<\/td><td>Praktikum ZDF<\/td><td>Journalistischer Einstieg<\/td><\/tr><tr><td>2008<\/td><td>ProSieben taff<\/td><td>Rubrik \u201eBeef mit Benji\u201c<\/td><\/tr><tr><td>2013<\/td><td>Sat.1 Fr\u00fchst\u00fccksfernsehen<\/td><td>Gesellschafts- und Promi-Experte<\/td><\/tr><tr><td>2024<\/td><td>Hauptmoderation Sat.1<\/td><td>Feste Rolle als Moderator<\/td><\/tr><tr><td>2025<\/td><td>Abschied Sat.1<\/td><td>\u00dcbergang zu neuen Projekten<\/td><\/tr><\/tbody><\/table><\/figure>\n\n\n\n<h2 class=\"wp-block-heading\" id=\"einfluss-wirkung-in-den-medien\"><strong>Einfluss &amp; Wirkung in den Medien<\/strong><\/h2>\n\n\n\n<p>Benjamin Bieneck gilt als <strong>authentischer Moderator<\/strong>, der sein Publikum versteht und komplexe Themen verst\u00e4ndlich macht. Seine Mischung aus journalistischer Kompetenz und pers\u00f6nlicher N\u00e4he macht ihn zu einem der beliebtesten Fernsehgesichter Deutschlands.<\/p>\n\n\n\n<p>Seine Karriere ist bemerkenswert, weil er den Sprung vom Reporter zum Moderator geschafft hat und gleichzeitig offen \u00fcber pers\u00f6nliche Herausforderungen sprach. Zuschauer sch\u00e4tzen ihn nicht nur f\u00fcr seine Arbeit, sondern auch f\u00fcr seine Pers\u00f6nlichkeit und seine F\u00e4higkeit, Sympathie zu vermitteln.<\/p>\n\n\n\n<h2 class=\"wp-block-heading\" id=\"schlussfolgerung-benjamin-bieneck-und-sein-vermachtnis\"><strong>Schlussfolgerung: Benjamin Bieneck und sein Verm\u00e4chtnis<\/strong><\/h2>\n\n\n\n<p>Benjamin Bieneck hat sich als Journalist, Promi-Experte und Moderator einen festen Platz in der deutschen TV-Landschaft gesichert. Seine Arbeit beim Sat.1 Fr\u00fchst\u00fccksfernsehen hat Millionen von Zuschauern unterhalten und informiert, w\u00e4hrend seine Authentizit\u00e4t und Menschlichkeit ihn von anderen Moderatoren abheben.<\/p>\n\n\n\n<p>Sein Abschied markiert das Ende einer \u00c4ra, aber sein Einfluss und seine Bedeutung f\u00fcr die Medienlandschaft bleiben bestehen. Benjamin Bieneck ist ein Beispiel daf\u00fcr, wie Leidenschaft, Professionalit\u00e4t und Pers\u00f6nlichkeit zusammenkommen, um im Fernsehen erfolgreich zu sein.<\/p>\n\n\n\n<h2 class=\"wp-block-heading\" id=\"liste-der-wichtigsten-fakten-uber-benjamin-bieneck\"><strong>Liste der wichtigsten Fakten \u00fcber Benjamin Bieneck<\/strong><\/h2>\n\n\n\n<ul class=\"wp-block-list\">\n<li>Geboren am 7. Mai 1983 in Frankfurt am Main<\/li>\n\n\n\n<li>Klassische Gesangsausbildung &amp; Chorsolist<\/li>\n\n\n\n<li>Studium in Jura, internationale Erfahrungen in Kapstadt<\/li>\n\n\n\n<li>Bekannt durch Rubrik \u201eBeef mit Benji\u201c bei taff<\/li>\n\n\n\n<li>Sat.1 Fr\u00fchst\u00fccksfernsehen Moderator seit 2013<\/li>\n\n\n\n<li>Offenes Outing als schwuler Moderator<\/li>\n\n\n\n<li>Abschied von Sat.1 im Oktober 2025 nach \u00fcber 10 Jahren<\/li>\n<\/ul>\n\n\n\n<p>Mehr lesen: <strong><a href=\"https:\/\/gmweekly.de\/index.php\/2026\/04\/28\/justin-bieber-tot\/\">Justin Bieber tot<\/a><\/strong><\/p>\n","protected":false},"excerpt":{"rendered":"<p>Benjamin Bieneck, oft als Benji Bieneck bekannt, ist ein prominenter deutscher TV-Journalist und Moderator. Vor allem ist er durch seine Arbeit beim Sat.1 Fr\u00fchst\u00fccksfernsehen einem breiten Publikum bekannt geworden. Seine Kombination aus Charme, Fachwissen und Humor machte ihn zu einem der beliebtesten Gesichter der deutschen Fernsehwelt. Benjamin Bieneck ist nicht nur ein Reporter, sondern auch<\/p>\n","protected":false},"author":7,"featured_media":13637,"comment_status":"open","ping_status":"open","sticky":false,"template":"","format":"standard","meta":{"footnotes":""},"categories":[31],"tags":[270],"class_list":{"0":"post-13636","1":"post","2":"type-post","3":"status-publish","4":"format-standard","5":"has-post-thumbnail","7":"category-lebensstil","8":"tag-benjamin-bieneck"},"_links":{"self":[{"href":"https:\/\/gmweekly.de\/index.php\/wp-json\/wp\/v2\/posts\/13636","targetHints":{"allow":["GET"]}}],"collection":[{"href":"https:\/\/gmweekly.de\/index.php\/wp-json\/wp\/v2\/posts"}],"about":[{"href":"https:\/\/gmweekly.de\/index.php\/wp-json\/wp\/v2\/types\/post"}],"author":[{"embeddable":true,"href":"https:\/\/gmweekly.de\/index.php\/wp-json\/wp\/v2\/users\/7"}],"replies":[{"embeddable":true,"href":"https:\/\/gmweekly.de\/index.php\/wp-json\/wp\/v2\/comments?post=13636"}],"version-history":[{"count":1,"href":"https:\/\/gmweekly.de\/index.php\/wp-json\/wp\/v2\/posts\/13636\/revisions"}],"predecessor-version":[{"id":13638,"href":"https:\/\/gmweekly.de\/index.php\/wp-json\/wp\/v2\/posts\/13636\/revisions\/13638"}],"wp:featuredmedia":[{"embeddable":true,"href":"https:\/\/gmweekly.de\/index.php\/wp-json\/wp\/v2\/media\/13637"}],"wp:attachment":[{"href":"https:\/\/gmweekly.de\/index.php\/wp-json\/wp\/v2\/media?parent=13636"}],"wp:term":[{"taxonomy":"category","embeddable":true,"href":"https:\/\/gmweekly.de\/index.php\/wp-json\/wp\/v2\/categories?post=13636"},{"taxonomy":"post_tag","embeddable":true,"href":"https:\/\/gmweekly.de\/index.php\/wp-json\/wp\/v2\/tags?post=13636"}],"curies":[{"name":"wp","href":"https:\/\/api.w.org\/{rel}","templated":true}]}}