{"id":14155,"date":"2026-08-29T13:54:59","date_gmt":"2026-08-29T13:54:59","guid":{"rendered":"https:\/\/gmweekly.de\/?p=14155"},"modified":"2026-08-29T13:55:00","modified_gmt":"2026-08-29T13:55:00","slug":"marwa-eldesouki-figur","status":"publish","type":"post","link":"https:\/\/gmweekly.de\/index.php\/2026\/08\/29\/marwa-eldesouki-figur\/","title":{"rendered":"Marwa Eldesouki Figur: Gr\u00f6\u00dfe, Aussehen und Fakten"},"content":{"rendered":"\n<p>Wer <strong>Marwa Eldesouki<\/strong> im Fernsehen sieht, interessiert sich vielleicht nicht nur f\u00fcr ihre journalistische Arbeit. Auch ihre Ausstrahlung, ihr Kleidungsstil und ihr Erscheinungsbild sorgen daf\u00fcr, dass Suchbegriffe wie <strong>\u201e<a href=\"https:\/\/de.wikipedia.org\/wiki\/Marwa_Eldessouky\" target=\"_blank\" rel=\"noopener\">Marwa Eldesouki<\/a> Figur\u201c<\/strong> immer wieder auftauchen.<\/p>\n\n\n\n<p>Dabei gibt es einen wichtigen Unterschied: Das \u00f6ffentliche Erscheinungsbild einer Moderatorin l\u00e4sst sich beschreiben, genaue K\u00f6rperma\u00dfe dagegen nicht einfach aus Bildern ableiten. Deshalb konzentriert sich dieser Artikel auf bekannte Informationen und kennzeichnet Punkte, zu denen keine verl\u00e4sslichen \u00f6ffentlichen Angaben vorliegen.<\/p>\n\n\n\n<h2 class=\"wp-block-heading\">Wer ist Marwa Eldesouki?<\/h2>\n\n\n\n<p><strong>Marwa Eldesouki ist eine deutsche Journalistin und Fernsehmoderatorin.<\/strong> Bekannt ist sie insbesondere durch ihre Arbeit im \u00f6ffentlich-rechtlichen Fernsehen. Ein gr\u00f6\u00dferes Publikum kennt sie unter anderem aus dem ARD-Unterhaltungsmagazin <strong>\u201eBrisant\u201c<\/strong>.<\/p>\n\n\n\n<p>Ihre berufliche Rolle geht dabei deutlich \u00fcber das reine Pr\u00e4sentieren vor der Kamera hinaus. Als Journalistin vermittelt sie Informationen und f\u00fchrt durch unterschiedliche Themen, wobei ein ruhiges und professionelles Auftreten eine wichtige Rolle spielt.<\/p>\n\n\n\n<h2 class=\"wp-block-heading\">Marwa Eldesouki Figur und Aussehen<\/h2>\n\n\n\n<p>Bei der Suche nach <strong>\u201eMarwa Eldesouki Figur\u201c<\/strong> m\u00f6chten viele Menschen vermutlich wissen, wie die Moderatorin aussieht und ob Informationen \u00fcber ihre K\u00f6rpergr\u00f6\u00dfe oder Ma\u00dfe bekannt sind. In ihren Fernsehauftritten pr\u00e4sentiert sich Eldesouki gepflegt und professionell. Ihr Erscheinungsbild wird dabei auch durch Kleidung, Styling, Haltung und die jeweilige Fernsehsituation gepr\u00e4gt.<\/p>\n\n\n\n<p>Eine Figur allein anhand von Fernsehbildern exakt zu beurteilen, ist jedoch kaum m\u00f6glich. Kamerawinkel, Objektive, Beleuchtung, Kleidung und K\u00f6rperhaltung k\u00f6nnen die Wahrnehmung deutlich ver\u00e4ndern. Deshalb w\u00e4re es unseri\u00f6s, aus Bildern genaue K\u00f6rperma\u00dfe abzuleiten. Auch Begriffe wie \u201eschlank\u201c oder andere wertende Beschreibungen sagen letztlich wenig \u00fcber tats\u00e4chliche Ma\u00dfe oder die Gesundheit eines Menschen aus.<\/p>\n\n\n\n<h2 class=\"wp-block-heading\">Marwa Eldesouki Gr\u00f6\u00dfe und Gewicht \u2013 was ist bekannt?<\/h2>\n\n\n\n<p>Neben der <strong>Marwa Eldesouki Figur<\/strong> interessieren sich Leser besonders f\u00fcr ihre Gr\u00f6\u00dfe und ihr Gewicht. Genau hier sollte man zwischen einer h\u00e4ufig wiederholten Behauptung und einer best\u00e4tigten Information unterscheiden. \u00d6ffentlich zug\u00e4ngliche Beitr\u00e4ge nennen teilweise unterschiedliche Werte. Eine ausreichend belastbare Grundlage f\u00fcr genaue Angaben zu <strong>Gewicht und K\u00f6rperma\u00dfen von Marwa Eldesouki<\/strong> ist daraus jedoch nicht automatisch gegeben.<\/p>\n\n\n\n<p><strong>Deshalb sollten konkrete Zahlen nicht als sichere Fakten dargestellt werden.<\/strong><\/p>\n\n\n\n<figure class=\"wp-block-table\"><table class=\"has-fixed-layout\"><tbody><tr><th>Thema<\/th><th>\u00d6ffentlich sicher einzuordnen<\/th><\/tr><tr><td>Beruf<\/td><td>Journalistin und Moderatorin<\/td><\/tr><tr><td>TV-Bekanntheit<\/td><td>unter anderem durch \u201eBrisant\u201c<\/td><\/tr><tr><td>K\u00f6rpergr\u00f6\u00dfe<\/td><td>keine hier belastbar best\u00e4tigte Angabe<\/td><\/tr><tr><td>Gewicht<\/td><td>nicht verl\u00e4sslich \u00f6ffentlich best\u00e4tigt<\/td><\/tr><tr><td>K\u00f6rperma\u00dfe<\/td><td>keine verl\u00e4sslich best\u00e4tigten Angaben<\/td><\/tr><tr><td>Konfektionsgr\u00f6\u00dfe<\/td><td>nicht verl\u00e4sslich \u00f6ffentlich bekannt<\/td><\/tr><tr><td>Fitnessroutine<\/td><td>keine eindeutig dokumentierte Routine bekannt<\/td><\/tr><\/tbody><\/table><\/figure>\n\n\n\n<p>Diese Unterscheidung ist wichtig, weil Suchmaschinen zu einer Person zahlreiche Seiten anzeigen k\u00f6nnen. Viele Treffer bedeuten aber nicht automatisch, dass eine Information richtig ist.<\/p>\n\n\n\n<h2 class=\"wp-block-heading\">Marwa Eldesouki Figur, Mode und Kleidungsstil<\/h2>\n\n\n\n<p>Das Erscheinungsbild einer Fernsehmoderatorin wird nicht allein durch ihre Figur bestimmt. Kleidung, Farben, Schnitte, Haare, Make-up und K\u00f6rpersprache bilden vor der Kamera ein Gesamtbild. Bei <strong>Marwa Eldesouki<\/strong> steht ein professioneller, fernsehtauglicher Stil im Vordergrund. Ihre Kleidung kann je nach Sendung und Anlass unterschiedlich wirken und unterst\u00fctzt das seri\u00f6se Auftreten einer Moderatorin.<\/p>\n\n\n\n<p>Dabei k\u00f6nnen Schnitte die optische Wahrnehmung der K\u00f6rperproportionen ver\u00e4ndern. Ein l\u00e4ngerer Blazer erzeugt beispielsweise einen anderen Gesamteindruck als ein kurzes Oberteil. Auch hoch geschnittene Hosen, Kleider oder unterschiedliche Schuhe beeinflussen die sichtbaren Proportionen. Das ist ein wichtiger Punkt f\u00fcr die Suche nach <strong>Marwa Eldesouki Figur und Gr\u00f6\u00dfe<\/strong>: Was Zuschauer auf dem Bildschirm sehen, ist immer das Zusammenspiel vieler Faktoren.<\/p>\n\n\n\n<h2 class=\"wp-block-heading\">Fitness, Ern\u00e4hrung und Lebensstil von Marwa Eldesouki<\/h2>\n\n\n\n<p>Eine weitere h\u00e4ufige Frage lautet, wie Marwa Eldesouki ihre Figur h\u00e4lt. Schnell entstehen daraus Behauptungen \u00fcber Sport, Ern\u00e4hrung oder bestimmte Di\u00e4ten. Hier fehlen jedoch \u00f6ffentlich ausreichend best\u00e4tigte Informationen f\u00fcr einen detaillierten pers\u00f6nlichen Trainings- oder Ern\u00e4hrungsplan. Es w\u00e4re daher nicht sinnvoll, ihr eine bestimmte Di\u00e4t oder Fitnessroutine zuzuschreiben, ohne dass sie selbst dar\u00fcber gesprochen hat.<\/p>\n\n\n\n<p>Grunds\u00e4tzlich entstehen K\u00f6rperform und Gewicht aus zahlreichen Faktoren. Dazu geh\u00f6ren unter anderem genetische Voraussetzungen, Bewegung, Ern\u00e4hrung, Alter und individuelle Lebensumst\u00e4nde. Das bedeutet zugleich, dass man aus dem Aussehen einer Person <strong>nicht erkennen kann, wie sie sich ern\u00e4hrt oder wie h\u00e4ufig sie trainiert<\/strong>.<\/p>\n\n\n\n<h2 class=\"wp-block-heading\">Warum wird \u201eMarwa Eldesouki Figur\u201c h\u00e4ufig gesucht?<\/h2>\n\n\n\n<p>Das Interesse an k\u00f6rperlichen Eigenschaften bekannter Pers\u00f6nlichkeiten ist kein neues Ph\u00e4nomen. Zuschauer sehen Moderatorinnen regelm\u00e4\u00dfig auf dem Bildschirm und entwickeln dadurch eine gewisse Vertrautheit mit ihnen. Suchanfragen entstehen dann aus einfacher Neugier. Menschen m\u00f6chten beispielsweise wissen, wie gro\u00df eine Moderatorin au\u00dferhalb der optischen Wirkung des Fernsehbildes tats\u00e4chlich ist.<\/p>\n\n\n\n<p>Mode spielt ebenfalls eine Rolle. Wer ein Kleid, einen Blazer oder einen bestimmten Look interessant findet, sucht m\u00f6glicherweise nach weiteren Bildern und st\u00f6\u00dft dabei auf Fragen zu Figur und K\u00f6rpergr\u00f6\u00dfe. Problematisch wird es erst, wenn Vermutungen als Tatsachen weitergegeben werden. Gerade Angaben \u00fcber <strong>Gewicht, Ma\u00dfe oder angebliche Di\u00e4ten<\/strong> lassen sich leicht erfinden und anschlie\u00dfend von anderen Webseiten \u00fcbernehmen.<\/p>\n\n\n\n<h2 class=\"wp-block-heading\">Marwa Eldesouki Figur: Fakten, Ger\u00fcchte und Fazit<\/h2>\n\n\n\n<p>Die Suche nach <strong>\u201eMarwa Eldesouki Figur\u201c<\/strong> zeigt, dass neben ihrer journalistischen T\u00e4tigkeit auch ihr \u00f6ffentliches Erscheinungsbild Interesse weckt. Durch regelm\u00e4\u00dfige Fernsehauftritte werden Kleidung, Ausstrahlung und K\u00f6rpersprache st\u00e4rker wahrgenommen als bei Personen au\u00dferhalb der \u00d6ffentlichkeit.<\/p>\n\n\n\n<p>Genaue Angaben zu <strong>Marwa Eldesoukis Gewicht oder K\u00f6rperma\u00dfen<\/strong> sollten jedoch nicht ohne verl\u00e4ssliche Best\u00e4tigung genannt werden. Aus Fotos und Fernsehbildern lassen sich solche Werte nicht seri\u00f6s bestimmen.<\/p>\n\n\n\n<h2 class=\"wp-block-heading\">H\u00e4ufige Fragen zur Marwa Eldesouki Figur<\/h2>\n\n\n\n<p><strong>Wie gro\u00df ist Marwa Eldesouki?<\/strong><br>Im Internet k\u00f6nnen verschiedene Angaben auftauchen. Eine konkrete K\u00f6rpergr\u00f6\u00dfe sollte jedoch nur dann als Tatsache genannt werden, wenn daf\u00fcr eine verl\u00e4ssliche Best\u00e4tigung vorliegt.<\/p>\n\n\n\n<p><strong>Wie viel wiegt Marwa Eldesouki?<\/strong><br>Ihr aktuelles Gewicht ist <strong>nicht verl\u00e4sslich \u00f6ffentlich dokumentiert<\/strong>. Zahlen ohne nachvollziehbare Quelle sollten daher nicht als Fakten \u00fcbernommen werden.<\/p>\n\n\n\n<p><strong>Welche K\u00f6rperma\u00dfe hat Marwa Eldesouki?<\/strong><br>Verl\u00e4sslich best\u00e4tigte Angaben zu ihren genauen K\u00f6rperma\u00dfen sind nicht allgemein bekannt. Ma\u00dfe anhand von Fotos zu sch\u00e4tzen w\u00e4re ungenau.<\/p>\n\n\n\n<p><strong>Hat Marwa Eldesouki abgenommen?<\/strong><br>Aus unterschiedlichen Fernsehaufnahmen l\u00e4sst sich eine Gewichtsver\u00e4nderung nicht zuverl\u00e4ssig feststellen. Ohne best\u00e4tigte Aussage sollte eine solche Ver\u00e4nderung nicht behauptet werden.<\/p>\n\n\n\n<p><strong>Wie h\u00e4lt Marwa Eldesouki ihre Figur?<\/strong><br>Eine konkret best\u00e4tigte Fitness- oder Ern\u00e4hrungsroutine ist nicht ausreichend \u00f6ffentlich dokumentiert. Daher sollte man ihr keine bestimmte Di\u00e4t oder Trainingsmethode zuschreiben.<\/p>\n\n\n\n<p>Mehr lesen: <a href=\"https:\/\/gmweekly.de\/index.php\/2026\/08\/29\/mirella-fazzi\/\"><strong>Mirella Fazzi<\/strong><\/a><\/p>\n","protected":false},"excerpt":{"rendered":"<p>Wer Marwa Eldesouki im Fernsehen sieht, interessiert sich vielleicht nicht nur f\u00fcr ihre journalistische Arbeit. Auch ihre Ausstrahlung, ihr Kleidungsstil und ihr Erscheinungsbild sorgen daf\u00fcr, dass Suchbegriffe wie \u201eMarwa Eldesouki Figur\u201c immer wieder auftauchen. Dabei gibt es einen wichtigen Unterschied: Das \u00f6ffentliche Erscheinungsbild einer Moderatorin l\u00e4sst sich beschreiben, genaue K\u00f6rperma\u00dfe dagegen nicht einfach aus Bildern<\/p>\n","protected":false},"author":7,"featured_media":14156,"comment_status":"closed","ping_status":"open","sticky":false,"template":"","format":"standard","meta":{"footnotes":""},"categories":[31],"tags":[398],"class_list":{"0":"post-14155","1":"post","2":"type-post","3":"status-publish","4":"format-standard","5":"has-post-thumbnail","7":"category-lebensstil","8":"tag-marwa-eldesouki-figur"},"_links":{"self":[{"href":"https:\/\/gmweekly.de\/index.php\/wp-json\/wp\/v2\/posts\/14155","targetHints":{"allow":["GET"]}}],"collection":[{"href":"https:\/\/gmweekly.de\/index.php\/wp-json\/wp\/v2\/posts"}],"about":[{"href":"https:\/\/gmweekly.de\/index.php\/wp-json\/wp\/v2\/types\/post"}],"author":[{"embeddable":true,"href":"https:\/\/gmweekly.de\/index.php\/wp-json\/wp\/v2\/users\/7"}],"replies":[{"embeddable":true,"href":"https:\/\/gmweekly.de\/index.php\/wp-json\/wp\/v2\/comments?post=14155"}],"version-history":[{"count":1,"href":"https:\/\/gmweekly.de\/index.php\/wp-json\/wp\/v2\/posts\/14155\/revisions"}],"predecessor-version":[{"id":14157,"href":"https:\/\/gmweekly.de\/index.php\/wp-json\/wp\/v2\/posts\/14155\/revisions\/14157"}],"wp:featuredmedia":[{"embeddable":true,"href":"https:\/\/gmweekly.de\/index.php\/wp-json\/wp\/v2\/media\/14156"}],"wp:attachment":[{"href":"https:\/\/gmweekly.de\/index.php\/wp-json\/wp\/v2\/media?parent=14155"}],"wp:term":[{"taxonomy":"category","embeddable":true,"href":"https:\/\/gmweekly.de\/index.php\/wp-json\/wp\/v2\/categories?post=14155"},{"taxonomy":"post_tag","embeddable":true,"href":"https:\/\/gmweekly.de\/index.php\/wp-json\/wp\/v2\/tags?post=14155"}],"curies":[{"name":"wp","href":"https:\/\/api.w.org\/{rel}","templated":true}]}}