{"id":14164,"date":"2026-08-31T13:40:00","date_gmt":"2026-08-31T13:40:00","guid":{"rendered":"https:\/\/gmweekly.de\/?p=14164"},"modified":"2026-08-31T13:40:02","modified_gmt":"2026-08-31T13:40:02","slug":"petra-schmidt-schaller-krankheit","status":"publish","type":"post","link":"https:\/\/gmweekly.de\/index.php\/2026\/08\/31\/petra-schmidt-schaller-krankheit\/","title":{"rendered":"Petra Schmidt-Schaller Krankheit: Was ist wirklich bekannt?"},"content":{"rendered":"\n<p>Wer nach <strong>\u201e<a href=\"https:\/\/de.wikipedia.org\/wiki\/Petra_Schmidt-Schaller\" target=\"_blank\" rel=\"noopener\">Petra Schmidt-Schaller<\/a> Krankheit\u201c<\/strong> sucht, m\u00f6chte meist wissen, ob die bekannte Schauspielerin gesundheitliche Probleme hat oder an einer bestimmten Erkrankung leidet. Gerade bei bekannten Pers\u00f6nlichkeiten entstehen schnell Ger\u00fcchte, wenn sie eine berufliche Pause machen, \u00fcber belastende Zeiten sprechen oder zeitweise weniger in der \u00d6ffentlichkeit stehen.<\/p>\n\n\n\n<p>Wichtig ist deshalb eine klare Einordnung: <strong>Eine bestimmte aktuelle schwere oder chronische Erkrankung von Petra Schmidt-Schaller ist \u00f6ffentlich nicht verl\u00e4sslich best\u00e4tigt.<\/strong> Aussagen \u00fcber ihre Gesundheit sollten daher nicht mit Vermutungen vermischt werden.<\/p>\n\n\n\n<h2 class=\"wp-block-heading\">Petra Schmidt-Schaller Krankheit \u2013 gibt es eine Diagnose?<\/h2>\n\n\n\n<p>Eine der wichtigsten Fragen lautet, ob bei Petra Schmidt-Schaller eine konkrete Krankheit bekannt ist. <strong>Eine aktuelle schwere oder chronische Diagnose wurde von ihr nicht \u00f6ffentlich best\u00e4tigt.<\/strong><\/p>\n\n\n\n<p>Das ist ein wichtiger Punkt, denn eine h\u00e4ufige Google-Suche ist noch kein Hinweis darauf, dass die darin enthaltene Behauptung stimmt. Menschen k\u00f6nnen aus vielen Gr\u00fcnden nach dem Gesundheitszustand einer Schauspielerin suchen.<\/p>\n\n\n\n<h2 class=\"wp-block-heading\">Welche Krankheit hatte Petra Schmidt-Schaller?<\/h2>\n\n\n\n<p>Bei der Frage <strong>\u201eWelche Krankheit hatte Petra Schmidt-Schaller?\u201c<\/strong> muss zwischen einzelnen gesundheitlichen Beschwerden und einer dauerhaften Erkrankung unterschieden werden. Verschiedene Internetbeitr\u00e4ge k\u00f6nnen \u00e4ltere Ereignisse aufgreifen und daraus einen gr\u00f6\u00dferen Zusammenhang herstellen, als tats\u00e4chlich belegt ist.<\/p>\n\n\n\n<p>Auch Berichte \u00fcber eine vor\u00fcbergehende Erkrankung bedeuten nicht, dass Petra Schmidt-Schaller heute daran leidet. Eine akute Erkrankung kann vollst\u00e4ndig ausheilen und sollte nicht mit einer chronischen Diagnose gleichgesetzt werden.<\/p>\n\n\n\n<h2 class=\"wp-block-heading\">Woher kommen die Ger\u00fcchte \u00fcber Petra Schmidt-Schallers Gesundheit?<\/h2>\n\n\n\n<p>Gesundheitsger\u00fcchte \u00fcber Prominente entstehen h\u00e4ufig ohne einen klaren Ausgangspunkt. Eine l\u00e4ngere Drehpause, eine ver\u00e4nderte Rolle oder ein Interview \u00fcber Stress kann bereits dazu f\u00fchren, dass Menschen nach einer m\u00f6glichen Krankheit suchen. Suchmaschinen verst\u00e4rken diesen Effekt teilweise. Wenn viele Nutzer Kombinationen wie <strong>\u201ePetra Schmidt-Schaller krank\u201c<\/strong>, \u201ePetra Schmidt-Schaller Gesundheit\u201c oder \u201ePetra Schmidt-Schaller Krankheit aktuell\u201c eingeben, werden diese Begriffe sichtbarer.<\/p>\n\n\n\n<p>Dadurch entsteht jedoch kein Beweis. Ein weiteres Problem besteht darin, dass Webseiten voneinander abschreiben k\u00f6nnen. Aus einer vorsichtig formulierten Frage kann nach mehreren Wiederholungen pl\u00f6tzlich eine scheinbar sichere Behauptung werden.<\/p>\n\n\n\n<h2 class=\"wp-block-heading\">Hatte Petra Schmidt-Schallers Tatort-Ausstieg gesundheitliche Gr\u00fcnde?<\/h2>\n\n\n\n<p>Petra Schmidt-Schaller war einem gro\u00dfen Fernsehpublikum als <strong>Katharina Lorenz<\/strong> im Hamburger \u201eTatort\u201c bekannt. Ihr Ausstieg f\u00fchrte verst\u00e4ndlicherweise zu Fragen nach den Gr\u00fcnden. Eine best\u00e4tigte schwere Krankheit war jedoch nicht die \u00f6ffentlich erkl\u00e4rte Ursache ihres Abschieds. Vielmehr sprach die Schauspielerin dar\u00fcber, dass das Verh\u00e4ltnis zwischen Arbeit und Privatleben f\u00fcr sie nicht mehr richtig gepasst habe.<\/p>\n\n\n\n<p>Nach der Geburt ihrer Tochter arbeitete sie intensiv und wollte gleichzeitig m\u00f6glichst viel Zeit mit ihrer Familie verbringen. Diese Doppelbelastung konnte sehr anstrengend sein. Das ist etwas anderes als eine konkrete medizinische Diagnose.<\/p>\n\n\n\n<h2 class=\"wp-block-heading\">Petra Schmidt-Schaller \u00fcber Stress und \u00c4ngste<\/h2>\n\n\n\n<p>Petra Schmidt-Schaller hat nicht ausschlie\u00dflich \u00fcber die angenehmen Seiten ihres Lebens gesprochen. In Interviews wurden auch pers\u00f6nliche \u00c4ngste und schwierige emotionale Phasen thematisiert. Besonders das Mutterwerden brachte neue Gef\u00fchle und Sorgen mit sich. Solche Erfahrungen kennen viele Eltern: Pl\u00f6tzlich tr\u00e4gt man Verantwortung f\u00fcr einen anderen Menschen und nimmt m\u00f6gliche Gefahren anders wahr.<\/p>\n\n\n\n<p>Auch die Corona-Zeit war f\u00fcr viele Menschen in der Film- und Kulturbranche schwierig. Unsichere Produktionen, Kontaktbeschr\u00e4nkungen und fehlende Planungssicherheit sorgten f\u00fcr zus\u00e4tzlichen Druck. Hier ist erneut eine klare Grenze wichtig. <strong>Angst, Stress oder eine schwierige Lebensphase sind nicht automatisch Beweise f\u00fcr eine bestimmte psychische Erkrankung.<\/strong><\/p>\n\n\n\n<h2 class=\"wp-block-heading\">Wie geht es Petra Schmidt-Schaller heute?<\/h2>\n\n\n\n<p>Die Frage <strong>\u201eWie geht es Petra Schmidt-Schaller heute?\u201c<\/strong> geh\u00f6rt unmittelbar zur Suche nach ihrer angeblichen Krankheit. Ihre weitere Karriere zeigt jedenfalls, dass sie nach fr\u00fcheren beruflichen Ver\u00e4nderungen weiterhin als Schauspielerin gearbeitet hat. Nach ihrem \u201eTatort\u201c-Abschied verschwand Petra Schmidt-Schaller keineswegs dauerhaft aus Film und Fernsehen. Sie \u00fcbernahm weitere anspruchsvolle Rollen und blieb einem breiten Publikum bekannt.<\/p>\n\n\n\n<p>Besonders erfolgreich war ihre Arbeit in verschiedenen Fernsehfilmen und Krimiproduktionen. Dazu z\u00e4hlt auch die Reihe <strong>\u201eDie Toten von Marnow\u201c<\/strong>, in der sie eine zentrale Rolle \u00fcbernahm. Ihre berufliche Aktivit\u00e4t sollte allerdings nicht als medizinischer Gesundheitsnachweis betrachtet werden. Auch Menschen mit gesundheitlichen Problemen k\u00f6nnen selbstverst\u00e4ndlich erfolgreich arbeiten.<\/p>\n\n\n\n<h2 class=\"wp-block-heading\">Wer ist Petra Schmidt-Schaller?<\/h2>\n\n\n\n<p>Petra Schmidt-Schaller wurde am <strong>28. August 1980 in Magdeburg<\/strong> geboren und stammt aus einer Schauspielerfamilie. Ihr Vater ist der bekannte Schauspieler <strong>Andreas Schmidt-Schaller<\/strong>. Sie entschied sich ebenfalls f\u00fcr die Schauspielerei und entwickelte \u00fcber die Jahre eine erfolgreiche Karriere. Einem gr\u00f6\u00dferen Publikum wurde sie durch zahlreiche Kino- und Fernsehproduktionen bekannt.<\/p>\n\n\n\n<p>Eine ihrer bekannten fr\u00fchen Filmrollen hatte sie in <strong>\u201eEin fliehendes Pferd\u201c<\/strong>. Sp\u00e4ter folgten zahlreiche weitere Produktionen. Besonders gro\u00dfe Aufmerksamkeit erhielt sie durch ihre Rolle als Katharina Lorenz im Hamburger \u201eTatort\u201c. Ihre Darstellung machte sie einem Millionenpublikum bekannt.<\/p>\n\n\n\n<h2 class=\"wp-block-heading\">Fakten und Ger\u00fcchte zur Petra Schmidt-Schaller Krankheit<\/h2>\n\n\n\n<p>F\u00fcr Leser kann eine einfache Gegen\u00fcberstellung helfen:<\/p>\n\n\n\n<figure class=\"wp-block-table\"><table class=\"has-fixed-layout\"><tbody><tr><th>Behauptung<\/th><th>Was man dazu sagen kann<\/th><\/tr><tr><td>Petra Schmidt-Schaller ist aktuell schwer krank<\/td><td>Nicht verl\u00e4sslich best\u00e4tigt<\/td><\/tr><tr><td>Sie hat eine chronische Krankheit<\/td><td>Keine \u00f6ffentlich gesicherte Diagnose bekannt<\/td><\/tr><tr><td>Sie hat schwierige Zeiten erlebt<\/td><td>Ja, \u00fcber Belastungen wurde gesprochen<\/td><\/tr><tr><td>Sie verlie\u00df den Tatort wegen einer schweren Krankheit<\/td><td>Daf\u00fcr gibt es keine entsprechende best\u00e4tigte Erkl\u00e4rung<\/td><\/tr><tr><td>Sie beendete ihre Karriere nach dem Tatort<\/td><td>Nein<\/td><\/tr><tr><td>Ihr Privatleben ist vollst\u00e4ndig \u00f6ffentlich<\/td><td>Nein<\/td><\/tr><\/tbody><\/table><\/figure>\n\n\n\n<p>Diese Unterschiede sind wichtig, weil Gesundheitsthemen schnell emotional werden. \u00dcberschriften k\u00f6nnen dramatischer klingen als die dahinterliegenden Informationen. Wer Informationen \u00fcber <strong>Petra Schmidt-Schallers Gesundheit<\/strong> sucht, sollte deshalb besonders darauf achten, wann eine Aussage ver\u00f6ffentlicht wurde und ob sie tats\u00e4chlich von der Schauspielerin selbst stammt.<\/p>\n\n\n\n<h2 class=\"wp-block-heading\">Warum entstehen Krankheitsger\u00fcchte bei Prominenten so schnell?<\/h2>\n\n\n\n<p>Petra Schmidt-Schaller ist kein Einzelfall. Bei Schauspielern, Moderatoren und Musikern entstehen regelm\u00e4\u00dfig Ger\u00fcchte \u00fcber Krankheiten. Manchmal reicht bereits eine l\u00e4ngere Abwesenheit aus dem Fernsehen. In anderen F\u00e4llen ver\u00e4ndert sich das Aussehen einer Person, eine Produktion endet oder ein Prominenter sagt kurzfristig einen Termin ab.<\/p>\n\n\n\n<p>Online k\u00f6nnen daraus sehr schnell Vermutungen entstehen. Besonders problematisch wird es, wenn Vermutungen immer wieder wiederholt werden. Leser sehen dieselbe Behauptung auf mehreren Seiten und nehmen deshalb m\u00f6glicherweise an, sie sei best\u00e4tigt.<\/p>\n\n\n\n<h2 class=\"wp-block-heading\">Fazit: Was ist \u00fcber Petra Schmidt-Schaller Krankheit bekannt?<\/h2>\n\n\n\n<p>Die Suche nach <strong>\u201ePetra Schmidt-Schaller Krankheit\u201c<\/strong> f\u00fchrt zu vielen Fragen, aber nicht zu einer verl\u00e4sslich best\u00e4tigten aktuellen schweren oder chronischen Diagnose. Deshalb sollte man mit eindeutigen Aussagen \u00fcber ihren Gesundheitszustand vorsichtig sein.<\/p>\n\n\n\n<p>Petra Schmidt-Schaller hat in der Vergangenheit \u00fcber pers\u00f6nliche Belastungen, \u00c4ngste und anspruchsvolle Lebensphasen gesprochen. Ihr fr\u00fcherer Tatort-Ausstieg wurde au\u00dferdem mit der schwierigen Balance zwischen intensiver Arbeit und Familienleben erkl\u00e4rt.<\/p>\n\n\n\n<h2 class=\"wp-block-heading\">H\u00e4ufig gestellte Fragen<\/h2>\n\n\n\n<p><strong>Ist Petra Schmidt-Schaller krank?<\/strong><br>Eine bestimmte aktuelle schwere oder chronische Erkrankung ist \u00f6ffentlich nicht verl\u00e4sslich best\u00e4tigt. Anderslautende Behauptungen sollten daher nicht ohne belastbare Belege \u00fcbernommen werden.<\/p>\n\n\n\n<p><strong>Welche Krankheit hat Petra Schmidt-Schaller?<\/strong><br>Es gibt keine zuverl\u00e4ssig \u00f6ffentlich best\u00e4tigte Diagnose, die eine aktuelle schwere oder chronische Krankheit von Petra Schmidt-Schaller belegt. Fr\u00fchere gesundheitliche Beschwerden sollten nicht automatisch als dauerhafte Erkrankung dargestellt werden.<\/p>\n\n\n\n<p><strong>Warum hat Petra Schmidt-Schaller den Tatort verlassen?<\/strong><br>Sie sprach \u00fcber die schwierige Balance zwischen ihrer intensiven Arbeit und ihrem Familienleben. Eine best\u00e4tigte schwere Krankheit wurde nicht als Grund f\u00fcr ihren Ausstieg angegeben.<\/p>\n\n\n\n<p><strong>Hat Petra Schmidt-Schaller \u00fcber psychische Belastungen gesprochen?<\/strong><br>Sie hat pers\u00f6nliche \u00c4ngste und belastende Lebensphasen thematisiert. Daraus sollte jedoch keine medizinische Diagnose abgeleitet werden.<\/p>\n\n\n\n<p><strong>Wie geht es Petra Schmidt-Schaller heute?<\/strong><br>Petra Schmidt-Schaller setzte ihre Schauspielkarriere nach ihrem Tatort-Ausstieg fort und war in weiteren Film- und Fernsehproduktionen zu sehen. \u00dcber ihren aktuellen medizinischen Gesundheitszustand liegen keine umfassenden \u00f6ffentlichen Angaben vor.<\/p>\n\n\n\n<p>En savoir plus: <strong><a href=\"https:\/\/gmweekly.de\/index.php\/2026\/08\/30\/ben-berndt-wikipedia\/\">Ben Berndt Wikipedia<\/a><\/strong><\/p>\n","protected":false},"excerpt":{"rendered":"<p>Wer nach \u201ePetra Schmidt-Schaller Krankheit\u201c sucht, m\u00f6chte meist wissen, ob die bekannte Schauspielerin gesundheitliche Probleme hat oder an einer bestimmten Erkrankung leidet. Gerade bei bekannten Pers\u00f6nlichkeiten entstehen schnell Ger\u00fcchte, wenn sie eine berufliche Pause machen, \u00fcber belastende Zeiten sprechen oder zeitweise weniger in der \u00d6ffentlichkeit stehen. Wichtig ist deshalb eine klare Einordnung: Eine bestimmte aktuelle<\/p>\n","protected":false},"author":7,"featured_media":14165,"comment_status":"closed","ping_status":"open","sticky":false,"template":"","format":"standard","meta":{"footnotes":""},"categories":[31],"tags":[],"class_list":{"0":"post-14164","1":"post","2":"type-post","3":"status-publish","4":"format-standard","5":"has-post-thumbnail","7":"category-lebensstil"},"_links":{"self":[{"href":"https:\/\/gmweekly.de\/index.php\/wp-json\/wp\/v2\/posts\/14164","targetHints":{"allow":["GET"]}}],"collection":[{"href":"https:\/\/gmweekly.de\/index.php\/wp-json\/wp\/v2\/posts"}],"about":[{"href":"https:\/\/gmweekly.de\/index.php\/wp-json\/wp\/v2\/types\/post"}],"author":[{"embeddable":true,"href":"https:\/\/gmweekly.de\/index.php\/wp-json\/wp\/v2\/users\/7"}],"replies":[{"embeddable":true,"href":"https:\/\/gmweekly.de\/index.php\/wp-json\/wp\/v2\/comments?post=14164"}],"version-history":[{"count":1,"href":"https:\/\/gmweekly.de\/index.php\/wp-json\/wp\/v2\/posts\/14164\/revisions"}],"predecessor-version":[{"id":14166,"href":"https:\/\/gmweekly.de\/index.php\/wp-json\/wp\/v2\/posts\/14164\/revisions\/14166"}],"wp:featuredmedia":[{"embeddable":true,"href":"https:\/\/gmweekly.de\/index.php\/wp-json\/wp\/v2\/media\/14165"}],"wp:attachment":[{"href":"https:\/\/gmweekly.de\/index.php\/wp-json\/wp\/v2\/media?parent=14164"}],"wp:term":[{"taxonomy":"category","embeddable":true,"href":"https:\/\/gmweekly.de\/index.php\/wp-json\/wp\/v2\/categories?post=14164"},{"taxonomy":"post_tag","embeddable":true,"href":"https:\/\/gmweekly.de\/index.php\/wp-json\/wp\/v2\/tags?post=14164"}],"curies":[{"name":"wp","href":"https:\/\/api.w.org\/{rel}","templated":true}]}}