{"id":5388,"date":"2026-02-18T13:39:35","date_gmt":"2026-02-18T13:39:35","guid":{"rendered":"https:\/\/gmweekly.de\/?p=5388"},"modified":"2026-02-18T13:39:38","modified_gmt":"2026-02-18T13:39:38","slug":"uhrenunstellung","status":"publish","type":"post","link":"https:\/\/gmweekly.de\/index.php\/2026\/02\/18\/uhrenunstellung\/","title":{"rendered":"Uhrenunstellung: Alles, was du \u00fcber die Zeitumstellung wissen musst"},"content":{"rendered":"\n<p>Die <strong>Uhrenunstellung<\/strong> begleitet uns jedes Jahr. Zweimal im Jahr stellen wir unsere Uhr um \u2013 einmal im Fr\u00fchling und einmal im Herbst. Trotzdem wissen viele Menschen nicht genau, warum es diese Regel \u00fcberhaupt gibt. Manche nennen es <em><a href=\"https:\/\/www.printplanet.de\/wissenswertes\/rund-um-produkte\/uhren\/die-zeitumstellung-geschichte-und-hintergruende?srsltid=AfmBOopG2wAuOvmGvTR9749cywfLdsGdJHRFgXGqukmxBgyaiGyxo5HM\" target=\"_blank\" rel=\"noopener\">Zeitumstellung<\/a><\/em>, andere sprechen von <em>Sommerzeit und Winterzeit<\/em>. Gemeint ist immer die gleiche Sache: Die offizielle Uhrzeit wird ver\u00e4ndert. Diese Ver\u00e4nderung betrifft unseren Alltag mehr, als wir denken.<\/p>\n\n\n\n<p>Im Fr\u00fchling wird die Uhr eine Stunde vorgestellt. Dadurch fehlt uns eine Stunde Schlaf. Im Herbst wird sie zur\u00fcckgestellt. Dann d\u00fcrfen wir eine Stunde l\u00e4nger schlafen. Doch unser K\u00f6rper merkt diesen Wechsel oft deutlich. Die <strong>Uhrenunstellung in Deutschland<\/strong> sorgt jedes Jahr f\u00fcr Diskussionen. Viele Menschen w\u00fcnschen sich eine Abschaffung. Andere genie\u00dfen die langen Sommerabende.<\/p>\n\n\n\n<h2 class=\"wp-block-heading\"><strong>Was bedeutet Uhrenunstellung oder Zeitumstellung?<\/strong><\/h2>\n\n\n\n<p>Die <strong>Uhrenunstellung<\/strong> bedeutet, dass die gesetzliche Uhrzeit angepasst wird. Sie findet immer am letzten Sonntag im M\u00e4rz und am letzten Sonntag im Oktober statt. Im M\u00e4rz beginnt die <strong>Sommerzeit<\/strong>. Die Uhr wird von 2:00 Uhr auf 3:00 Uhr vorgestellt. Im Oktober beginnt die <strong>Winterzeit<\/strong> oder Normalzeit. Dann wird die Uhr von 3:00 Uhr auf 2:00 Uhr zur\u00fcckgestellt. Hier eine einfache \u00dcbersicht:<\/p>\n\n\n\n<figure class=\"wp-block-table\"><table class=\"has-fixed-layout\"><thead><tr><th>Zeitpunkt<\/th><th>Ver\u00e4nderung<\/th><th>Ergebnis<\/th><\/tr><\/thead><tbody><tr><td>M\u00e4rz<\/td><td>+1 Stunde<\/td><td>Abends l\u00e4nger hell<\/td><\/tr><tr><td>Oktober<\/td><td>-1 Stunde<\/td><td>Morgens fr\u00fcher hell<\/td><\/tr><\/tbody><\/table><\/figure>\n\n\n\n<p>Viele Menschen fragen sich: Welche Zeit ist die \u201erichtige\u201c Zeit? Die Winterzeit gilt als die normale Zeit, weil sie n\u00e4her an der Sonnenzeit liegt. Die Sommerzeit verschiebt unseren Tagesablauf k\u00fcnstlich nach vorne. Das bedeutet, wir stehen fr\u00fcher auf, obwohl die Sonne noch nicht so weit ist wie sonst.<\/p>\n\n\n\n<h2 class=\"wp-block-heading\"><strong>Wann ist die n\u00e4chste Uhrenunstellung?<\/strong><\/h2>\n\n\n\n<p>Die <strong>Uhrenunstellung Deutschland<\/strong> folgt klaren Regeln. Sie findet immer am:<\/p>\n\n\n\n<ul class=\"wp-block-list\">\n<li>letzten Sonntag im M\u00e4rz<\/li>\n\n\n\n<li>letzten Sonntag im Oktober<\/li>\n<\/ul>\n\n\n\n<p>Im Fr\u00fchjahr werden die Uhren um 2:00 Uhr nachts vorgestellt. Im Herbst werden sie um 3:00 Uhr nachts zur\u00fcckgestellt. Beispielhafte Termine<\/p>\n\n\n\n<figure class=\"wp-block-table\"><table class=\"has-fixed-layout\"><thead><tr><th>Jahr<\/th><th>Sommerzeit beginnt<\/th><th>Winterzeit beginnt<\/th><\/tr><\/thead><tbody><tr><td>2026<\/td><td>29. M\u00e4rz<\/td><td>25. Oktober<\/td><\/tr><tr><td>2027<\/td><td>28. M\u00e4rz<\/td><td>31. Oktober<\/td><\/tr><tr><td>2028<\/td><td>26. M\u00e4rz<\/td><td>29. Oktober<\/td><\/tr><\/tbody><\/table><\/figure>\n\n\n\n<p>Viele Smartphones und Computer stellen sich automatisch um. Alte Wanduhren oder Back\u00f6fen m\u00fcssen jedoch manuell angepasst werden.<\/p>\n\n\n\n<h2 class=\"wp-block-heading\"><strong>Warum gibt es die Uhrenumstellung \u00fcberhaupt?<\/strong><\/h2>\n\n\n\n<p>Die Idee hinter der <strong>Uhrenumstellung<\/strong> ist alt. Schon im 20. Jahrhundert wollte man Energie sparen. Wenn es abends l\u00e4nger hell ist, braucht man weniger k\u00fcnstliches Licht. W\u00e4hrend der \u00d6lkrise in den 1970er Jahren wurde die Zeitumstellung in Deutschland wieder eingef\u00fchrt. Man hoffte, Strom zu sparen. Doch Studien zeigen heute, dass die Energieeinsparung gering ist. Moderne Haushalte verbrauchen Strom nicht nur f\u00fcr Licht, sondern auch f\u00fcr:<\/p>\n\n\n\n<ul class=\"wp-block-list\">\n<li>Computer<\/li>\n\n\n\n<li>Klimaanlagen<\/li>\n\n\n\n<li>Haushaltsger\u00e4te<\/li>\n<\/ul>\n\n\n\n<p>Einige Experten sagen sogar, dass der Energieverbrauch kaum sinkt. Trotzdem hat die Sommerzeit Vorteile f\u00fcr Freizeit und Tourismus. Menschen sitzen l\u00e4nger drau\u00dfen, gehen spazieren oder treiben Sport.<\/p>\n\n\n\n<h2 class=\"wp-block-heading\"><strong>Wie funktioniert die Uhrenunstellung praktisch?<\/strong><\/h2>\n\n\n\n<p>Die praktische Umsetzung der <strong>Zeitumstellung Deutschland<\/strong> ist einfach. In der Nacht erfolgt die \u00c4nderung automatisch durch offizielle Zeitserver. Digitale Ger\u00e4te passen sich meist selbst an. Probleme k\u00f6nnen entstehen bei:<\/p>\n\n\n\n<ul class=\"wp-block-list\">\n<li>alten Armbanduhren<\/li>\n\n\n\n<li>Wanduhren<\/li>\n\n\n\n<li>Fahrzeuguhren<\/li>\n\n\n\n<li>K\u00fcchenger\u00e4ten<\/li>\n<\/ul>\n\n\n\n<p>Manchmal kommt es auch zu Verwirrung bei internationalen Meetings oder Flugzeiten. Merkhilfe Viele merken sich: Im Fr\u00fchling stellt man die Gartenm\u00f6bel vor die T\u00fcr \u2013 also Uhr vorstellen. Im Herbst stellt man sie zur\u00fcck \u2013 also Uhr zur\u00fcckstellen. Diese einfache Regel hilft jedes Jahr.<\/p>\n\n\n\n<h2 class=\"wp-block-heading\"><strong>Auswirkungen der Uhrenunstellung auf Gesundheit und Alltag<\/strong><\/h2>\n\n\n\n<p>Die <strong>Uhrenunstellung<\/strong> beeinflusst unseren K\u00f6rper. Unser innerer Rhythmus richtet sich nach Licht und Dunkelheit. Wenn sich die Uhr pl\u00f6tzlich \u00e4ndert, ger\u00e4t dieser Rhythmus durcheinander. Typische Folgen k\u00f6nnen sein:<\/p>\n\n\n\n<ul class=\"wp-block-list\">\n<li>M\u00fcdigkeit<\/li>\n\n\n\n<li>Konzentrationsprobleme<\/li>\n\n\n\n<li>Reizbarkeit<\/li>\n\n\n\n<li>Schlafst\u00f6rungen<\/li>\n<\/ul>\n\n\n\n<p>Studien zeigen, dass es nach der Umstellung im Fr\u00fchling mehr Verkehrsunf\u00e4lle geben kann. Auch Herzprobleme treten laut manchen Forschungen kurzfristig h\u00e4ufiger auf. Besonders empfindlich reagieren:<\/p>\n\n\n\n<ul class=\"wp-block-list\">\n<li>Kinder<\/li>\n\n\n\n<li>\u00e4ltere Menschen<\/li>\n\n\n\n<li>Schichtarbeiter<\/li>\n<\/ul>\n\n\n\n<p>Viele \u00c4rzte vergleichen die Zeitumstellung mit einem kleinen Jetlag.<\/p>\n\n\n\n<h2 class=\"wp-block-heading\"><strong>Pro und Kontra der Uhrenumstellung<\/strong><\/h2>\n\n\n\n<p>Die Diskussion um die <strong>Uhrenunstellung<\/strong> ist sehr lebendig.<\/p>\n\n\n\n<p><strong>Vorteile<\/strong><\/p>\n\n\n\n<ul class=\"wp-block-list\">\n<li>L\u00e4ngere helle Abende im Sommer<\/li>\n\n\n\n<li>Mehr Freizeitm\u00f6glichkeiten<\/li>\n\n\n\n<li>Positiver Effekt auf Gastronomie und Tourismus<\/li>\n<\/ul>\n\n\n\n<p><strong>Nachteile<\/strong><\/p>\n\n\n\n<ul class=\"wp-block-list\">\n<li>St\u00f6rung des Schlafrhythmus<\/li>\n\n\n\n<li>Kaum messbare Energieeinsparung<\/li>\n\n\n\n<li>Verwirrung bei internationalen Abl\u00e4ufen<\/li>\n<\/ul>\n\n\n\n<p>Hier eine einfache Gegen\u00fcberstellung:<\/p>\n\n\n\n<figure class=\"wp-block-table\"><table class=\"has-fixed-layout\"><thead><tr><th>Vorteile<\/th><th>Nachteile<\/th><\/tr><\/thead><tbody><tr><td>Mehr Licht am Abend<\/td><td>Schlafprobleme<\/td><\/tr><tr><td>Mehr Freizeit im Hellen<\/td><td>K\u00f6rperlicher Stress<\/td><\/tr><tr><td>Wirtschaftlicher Nutzen<\/td><td>Geringe Energieersparnis<\/td><\/tr><\/tbody><\/table><\/figure>\n\n\n\n<h2 class=\"wp-block-heading\"><strong>Wird die Uhrenunstellung abgeschafft?<\/strong><\/h2>\n\n\n\n<p>In der Europ\u00e4ischen Union gab es bereits eine Umfrage zur Abschaffung der <strong>Zeitumstellung<\/strong>. Viele B\u00fcrger stimmten daf\u00fcr, sie zu beenden. Doch bisher gibt es keine einheitliche Entscheidung. Ein Problem ist die Frage: Soll dauerhaft Sommerzeit oder Winterzeit gelten?<\/p>\n\n\n\n<p>Einige L\u00e4nder m\u00f6chten unterschiedliche L\u00f6sungen. Das macht eine gemeinsame Regelung schwierig. Deshalb bleibt die <strong>Uhrenunstellung in Deutschland<\/strong> vorerst bestehen.<\/p>\n\n\n\n<h2 class=\"wp-block-heading\"><strong>Fazit zur Uhrenunstellung<\/strong><\/h2>\n\n\n\n<p>Die <strong>Uhrenunstellung<\/strong> ist mehr als nur eine Stunde vor oder zur\u00fcck. Sie beeinflusst unseren Alltag, unsere Gesundheit und sogar die Wirtschaft. W\u00e4hrend manche Menschen die langen Sommerabende lieben, leiden andere unter Schlafproblemen. Die Diskussion \u00fcber die Abschaffung der Zeitumstellung wird weitergehen.<\/p>\n\n\n\n<p>Bis dahin gilt: Zweimal im Jahr m\u00fcssen wir uns anpassen. Mit etwas Vorbereitung f\u00e4llt die Umstellung leichter. Die <strong>Uhrenunstellung<\/strong> bleibt also ein wichtiges Thema \u2013 jedes Jahr aufs Neue.<\/p>\n\n\n\n<p class=\"has-text-align-left\">Mher Lesson: <a href=\"https:\/\/gmweekly.de\/index.php\/2026\/02\/17\/engelszahl-5555\/\"><strong>Engelszahl 5555 <\/strong><\/a><\/p>\n","protected":false},"excerpt":{"rendered":"<p>Die Uhrenunstellung begleitet uns jedes Jahr. Zweimal im Jahr stellen wir unsere Uhr um \u2013 einmal im Fr\u00fchling und einmal im Herbst. Trotzdem wissen viele Menschen nicht genau, warum es diese Regel \u00fcberhaupt gibt. Manche nennen es Zeitumstellung, andere sprechen von Sommerzeit und Winterzeit. Gemeint ist immer die gleiche Sache: Die offizielle Uhrzeit wird ver\u00e4ndert.<\/p>\n","protected":false},"author":7,"featured_media":5391,"comment_status":"closed","ping_status":"open","sticky":false,"template":"","format":"standard","meta":{"footnotes":""},"categories":[31],"tags":[179],"class_list":{"0":"post-5388","1":"post","2":"type-post","3":"status-publish","4":"format-standard","5":"has-post-thumbnail","7":"category-lebensstil","8":"tag-uhrenunstellung"},"_links":{"self":[{"href":"https:\/\/gmweekly.de\/index.php\/wp-json\/wp\/v2\/posts\/5388","targetHints":{"allow":["GET"]}}],"collection":[{"href":"https:\/\/gmweekly.de\/index.php\/wp-json\/wp\/v2\/posts"}],"about":[{"href":"https:\/\/gmweekly.de\/index.php\/wp-json\/wp\/v2\/types\/post"}],"author":[{"embeddable":true,"href":"https:\/\/gmweekly.de\/index.php\/wp-json\/wp\/v2\/users\/7"}],"replies":[{"embeddable":true,"href":"https:\/\/gmweekly.de\/index.php\/wp-json\/wp\/v2\/comments?post=5388"}],"version-history":[{"count":2,"href":"https:\/\/gmweekly.de\/index.php\/wp-json\/wp\/v2\/posts\/5388\/revisions"}],"predecessor-version":[{"id":5392,"href":"https:\/\/gmweekly.de\/index.php\/wp-json\/wp\/v2\/posts\/5388\/revisions\/5392"}],"wp:featuredmedia":[{"embeddable":true,"href":"https:\/\/gmweekly.de\/index.php\/wp-json\/wp\/v2\/media\/5391"}],"wp:attachment":[{"href":"https:\/\/gmweekly.de\/index.php\/wp-json\/wp\/v2\/media?parent=5388"}],"wp:term":[{"taxonomy":"category","embeddable":true,"href":"https:\/\/gmweekly.de\/index.php\/wp-json\/wp\/v2\/categories?post=5388"},{"taxonomy":"post_tag","embeddable":true,"href":"https:\/\/gmweekly.de\/index.php\/wp-json\/wp\/v2\/tags?post=5388"}],"curies":[{"name":"wp","href":"https:\/\/api.w.org\/{rel}","templated":true}]}}