{"id":5399,"date":"2026-02-21T07:26:49","date_gmt":"2026-02-21T07:26:49","guid":{"rendered":"https:\/\/gmweekly.de\/?p=5399"},"modified":"2026-02-21T07:26:52","modified_gmt":"2026-02-21T07:26:52","slug":"ulrich-klose-rtl-schlaganfall","status":"publish","type":"post","link":"https:\/\/gmweekly.de\/index.php\/2026\/02\/21\/ulrich-klose-rtl-schlaganfall\/","title":{"rendered":"Ulrich Klose RTL Schlaganfall \u2013 Fakten, Ger\u00fcchte und die ganze Wahrheit"},"content":{"rendered":"\n<p><a href=\"https:\/\/de.wikipedia.org\/wiki\/Ulrich_Klose\" target=\"_blank\" rel=\"noopener\"><strong>Ulrich Klose <\/strong><\/a>ist ein bekannter Journalist, der viele Jahre f\u00fcr RTL gearbeitet hat. Wenn eine bekannte Person pl\u00f6tzlich weniger im Fernsehen erscheint oder sich \u00e4u\u00dferlich ver\u00e4ndert, entstehen schnell Spekulationen. Genau das scheint auch hier passiert zu sein. Menschen haben Ver\u00e4nderungen wahrgenommen und daraus Schl\u00fcsse gezogen. Doch Wahrnehmung ist nicht gleich Best\u00e4tigung. Wichtig ist: Bis heute gibt es <strong>keine eindeutige, offiziell best\u00e4tigte Erkl\u00e4rung<\/strong>, dass Ulrich Klose bei RTL einen Schlaganfall hatte. Trotzdem bleibt das Interesse gro\u00df. Warum? Weil Gesundheit bei bekannten Pers\u00f6nlichkeiten viele Menschen bewegt. Zuschauer f\u00fchlen sich verbunden. Sie m\u00f6chten wissen, wie es der Person geht, die sie jahrelang im Fernsehen gesehen haben.<\/p>\n\n\n\n<p>Ulrich Klose war viele Jahre als Reporter f\u00fcr RTL im Einsatz. Er berichtete aus Krisengebieten und war ein bekanntes Gesicht in den Nachrichten. Wenn eine bekannte Person pl\u00f6tzlich weniger sichtbar ist oder sich ver\u00e4ndert zeigt, entstehen schnell Spekulationen. Genau das scheint hier passiert zu sein. Bis heute gibt es jedoch <strong>keine offizielle Best\u00e4tigung<\/strong>, dass Ulrich Klose bei RTL einen Schlaganfall erlitten hat. Trotzdem bleibt das Thema pr\u00e4sent. Das zeigt, wie stark sich Zuschauer mit bekannten Journalisten verbunden f\u00fchlen.<\/p>\n\n\n\n<h2 class=\"wp-block-heading\"><strong>Wer ist Ulrich Klose? Karriere und Hintergrund<\/strong><\/h2>\n\n\n\n<p>Um das Thema <strong>Ulrich Klose RTL Schlaganfall<\/strong> besser zu verstehen, muss man wissen, wer er ist. Ulrich Klose wurde 1957 geboren und ist ein deutscher Journalist mit jahrzehntelanger Erfahrung. Besonders bekannt wurde er durch seine Arbeit f\u00fcr RTL und n-tv.<\/p>\n\n\n\n<p>Er berichtete aus internationalen Krisengebieten und war oft dort, wo es gef\u00e4hrlich wurde. Seine Arbeit zeichnete sich durch Ruhe, Professionalit\u00e4t und klare Berichterstattung aus. Viele Zuschauer sch\u00e4tzten seine sachliche Art. Wichtige Stationen seiner Karriere<\/p>\n\n\n\n<figure class=\"wp-block-table\"><table><thead><tr><th>Jahr<\/th><th>Ereignis<\/th><\/tr><\/thead><tbody><tr><td>1988<\/td><td>Einstieg ins Fernsehen<\/td><\/tr><tr><td>1990er<\/td><td>Auslandseins\u00e4tze und Krisenberichte<\/td><\/tr><tr><td>Sp\u00e4ter<\/td><td>Leitung eines RTL-Studios<\/td><\/tr><tr><td>2025<\/td><td>Ruhestand<\/td><\/tr><\/tbody><\/table><\/figure>\n\n\n\n<p>Seine Karriere war gepr\u00e4gt von Einsatz, Mut und journalistischer Verantwortung.<\/p>\n\n\n\n<h2 class=\"wp-block-heading\"><strong>Schlaganfall-Ger\u00fcchte: Was stimmt wirklich?<\/strong><\/h2>\n\n\n\n<p>Der Begriff <strong>Ulrich Klose RTL Schlaganfall<\/strong> entstand vor allem durch Online-Ger\u00fcchte. Einige Blogs behaupteten, er habe im Jahr 2021 einen Schlaganfall erlitten. Doch seri\u00f6se Medien best\u00e4tigten diese Informationen nicht. Es ist wichtig zu verstehen, wie solche Ger\u00fcchte entstehen:<\/p>\n\n\n\n<ul class=\"wp-block-list\">\n<li>Ver\u00e4nderungen im Aussehen<\/li>\n\n\n\n<li>Weniger \u00f6ffentliche Auftritte<\/li>\n\n\n\n<li>Spekulationen in sozialen Medien<\/li>\n\n\n\n<li>Fehlinterpretationen von Interviews<\/li>\n<\/ul>\n\n\n\n<p>Das Internet verbreitet Informationen schnell. Manchmal schneller als die Wahrheit \u00fcberpr\u00fcft werden kann. Bis heute gibt es keine offizielle medizinische Aussage von Ulrich Klose selbst oder von RTL, die einen Schlaganfall best\u00e4tigt.<\/p>\n\n\n\n<h2 class=\"wp-block-heading\"><strong>Ulrich Klose und Parkinson \u2013 Gibt es Beweise?<\/strong><\/h2>\n\n\n\n<p>Neben dem Schlaganfall tauchten auch Spekulationen \u00fcber Parkinson auf. Manche Webseiten vermischten beide Themen. Doch auch hier gilt: Es gibt <strong>keine best\u00e4tigten medizinischen Informationen<\/strong>.<\/p>\n\n\n\n<p>Gesundheit ist privat. Prominente m\u00fcssen nicht jede Diagnose \u00f6ffentlich machen. Deshalb sollte man respektvoll mit solchen Themen umgehen. Ein wichtiger Grundsatz lautet: \u201eOhne offizielle Best\u00e4tigung bleiben Aussagen reine Spekulation.\u201c<\/p>\n\n\n\n<h2 class=\"wp-block-heading\"><strong>Was ist ein Schlaganfall \u00fcberhaupt?<\/strong><\/h2>\n\n\n\n<p>Da viele Menschen nach <strong>Ulrich Klose RTL Schlaganfall<\/strong> suchen, ist es sinnvoll zu erkl\u00e4ren, was ein Schlaganfall medizinisch bedeutet. Ein Schlaganfall entsteht, wenn die Durchblutung im Gehirn pl\u00f6tzlich gest\u00f6rt ist. Das kann durch ein Blutgerinnsel oder eine Blutung passieren.<\/p>\n\n\n\n<p><strong>Zwei Hauptarten<\/strong><\/p>\n\n\n\n<ol class=\"wp-block-list\">\n<li><strong>Isch\u00e4mischer Schlaganfall<\/strong> \u2013 Gef\u00e4\u00df wird blockiert<\/li>\n\n\n\n<li><strong>H\u00e4morrhagischer Schlaganfall<\/strong> \u2013 Gef\u00e4\u00df platzt<\/li>\n<\/ol>\n\n\n\n<p><strong>H\u00e4ufige Symptome<\/strong><\/p>\n\n\n\n<ul class=\"wp-block-list\">\n<li>Pl\u00f6tzliche L\u00e4hmung<\/li>\n\n\n\n<li>Sprachprobleme<\/li>\n\n\n\n<li>Schwindel<\/li>\n\n\n\n<li>Sehst\u00f6rungen<\/li>\n\n\n\n<li>Starke Kopfschmerzen<\/li>\n<\/ul>\n\n\n\n<p>Schnelles Handeln kann Leben retten. Die sogenannte FAST-Regel hilft:<\/p>\n\n\n\n<figure class=\"wp-block-table\"><table><thead><tr><th>Buchstabe<\/th><th>Bedeutung<\/th><\/tr><\/thead><tbody><tr><td>F<\/td><td>Face \u2013 Gesicht h\u00e4ngt schief?<\/td><\/tr><tr><td>A<\/td><td>Arms \u2013 Arm kann nicht gehoben werden?<\/td><\/tr><tr><td>S<\/td><td>Speech \u2013 Sprache undeutlich?<\/td><\/tr><tr><td>T<\/td><td>Time \u2013 Sofort Notruf w\u00e4hlen<\/td><\/tr><\/tbody><\/table><\/figure>\n\n\n\n<h2 class=\"wp-block-heading\"><strong>M\u00f6gliche Folgen eines Schlaganfalls<\/strong><\/h2>\n\n\n\n<p>Falls jemand einen Schlaganfall erleidet, k\u00f6nnen unterschiedliche Folgen auftreten. Diese h\u00e4ngen davon ab, welcher Teil des Gehirns betroffen ist. M\u00f6gliche Auswirkungen:<\/p>\n\n\n\n<ul class=\"wp-block-list\">\n<li>Bewegungseinschr\u00e4nkungen<\/li>\n\n\n\n<li>Sprachprobleme<\/li>\n\n\n\n<li>Ged\u00e4chtnisprobleme<\/li>\n\n\n\n<li>Konzentrationsschwierigkeiten<\/li>\n<\/ul>\n\n\n\n<p>Viele Betroffene ben\u00f6tigen Rehabilitation. Dazu geh\u00f6ren:<\/p>\n\n\n\n<ul class=\"wp-block-list\">\n<li>Physiotherapie<\/li>\n\n\n\n<li>Logop\u00e4die<\/li>\n\n\n\n<li>Ergotherapie<\/li>\n<\/ul>\n\n\n\n<p>Eine R\u00fcckkehr in den Beruf ist m\u00f6glich, aber oft mit Anpassungen verbunden.<\/p>\n\n\n\n<h2 class=\"wp-block-heading\"><strong>Reaktionen von RTL und der \u00d6ffentlichkeit<\/strong><\/h2>\n\n\n\n<p>Beim Thema <strong>Ulrich Klose RTL Schlaganfall<\/strong> gab es keine offizielle Best\u00e4tigung von RTL. Das Unternehmen \u00e4u\u00dferte sich nicht konkret zu gesundheitlichen Details. Die \u00d6ffentlichkeit reagierte unterschiedlich. Manche zeigten Sorge, andere hinterfragten die Ger\u00fcchte kritisch. Das zeigt, wie wichtig Medienkompetenz heute ist. In sozialen Medien entstehen Diskussionen schnell. Doch nicht jede Diskussion basiert auf gesicherten Informationen.<\/p>\n\n\n\n<h2 class=\"wp-block-heading\"><strong>Fallbeispiel: Wie Ger\u00fcchte entstehen<\/strong><\/h2>\n\n\n\n<p>Ein bekanntes Muster bei prominenten Personen:<\/p>\n\n\n\n<ol class=\"wp-block-list\">\n<li>Ver\u00e4nderung wird bemerkt<\/li>\n\n\n\n<li>Erste Spekulation taucht online auf<\/li>\n\n\n\n<li>Andere Seiten greifen es auf<\/li>\n\n\n\n<li>Suchanfragen steigen stark an<\/li>\n<\/ol>\n\n\n\n<p>Das passiert h\u00e4ufig bei Politikern, Schauspielern und Journalisten.<\/p>\n\n\n\n<h2 class=\"wp-block-heading\"><strong>Fazit: Ulrich Klose RTL Schlaganfall \u2013 Fakten statt Spekulation<\/strong><\/h2>\n\n\n\n<p>Der Suchbegriff <strong>Ulrich Klose RTL Schlaganfall<\/strong> zeigt, wie gro\u00df das Interesse an seiner Person ist. Doch nach aktuellem Stand gibt es <strong>keine offiziell best\u00e4tigte Information<\/strong>, dass er einen Schlaganfall hatte. Ger\u00fcchte im Internet k\u00f6nnen schnell entstehen. Deshalb ist es wichtig, zwischen belegten Fakten und Spekulation zu unterscheiden. Gesundheit bleibt ein privates Thema.<\/p>\n\n\n\n<p>Ulrich Klose bleibt vielen Menschen als erfahrener Journalist in Erinnerung. Seine berufliche Leistung steht im Vordergrund \u2013 nicht unbest\u00e4tigte Vermutungen. Am Ende z\u00e4hlt vor allem eines: <strong>Respekt gegen\u00fcber der Privatsph\u00e4re und ein kritischer Umgang mit Informationen.<\/strong><\/p>\n\n\n\n<p>Mher Lesson: <strong><a href=\"https:\/\/gmweekly.de\/index.php\/2026\/02\/18\/lebt-ingrid-kneidinger-noch\/\">Lebt Ingrid Kneidinger noch<\/a><\/strong><\/p>\n","protected":false},"excerpt":{"rendered":"<p>Ulrich Klose ist ein bekannter Journalist, der viele Jahre f\u00fcr RTL gearbeitet hat. Wenn eine bekannte Person pl\u00f6tzlich weniger im Fernsehen erscheint oder sich \u00e4u\u00dferlich ver\u00e4ndert, entstehen schnell Spekulationen. Genau das scheint auch hier passiert zu sein. Menschen haben Ver\u00e4nderungen wahrgenommen und daraus Schl\u00fcsse gezogen. Doch Wahrnehmung ist nicht gleich Best\u00e4tigung. Wichtig ist: Bis heute<\/p>\n","protected":false},"author":7,"featured_media":5400,"comment_status":"closed","ping_status":"open","sticky":false,"template":"","format":"standard","meta":{"footnotes":""},"categories":[1],"tags":[],"class_list":{"0":"post-5399","1":"post","2":"type-post","3":"status-publish","4":"format-standard","5":"has-post-thumbnail","7":"category-uncategorized"},"_links":{"self":[{"href":"https:\/\/gmweekly.de\/index.php\/wp-json\/wp\/v2\/posts\/5399","targetHints":{"allow":["GET"]}}],"collection":[{"href":"https:\/\/gmweekly.de\/index.php\/wp-json\/wp\/v2\/posts"}],"about":[{"href":"https:\/\/gmweekly.de\/index.php\/wp-json\/wp\/v2\/types\/post"}],"author":[{"embeddable":true,"href":"https:\/\/gmweekly.de\/index.php\/wp-json\/wp\/v2\/users\/7"}],"replies":[{"embeddable":true,"href":"https:\/\/gmweekly.de\/index.php\/wp-json\/wp\/v2\/comments?post=5399"}],"version-history":[{"count":1,"href":"https:\/\/gmweekly.de\/index.php\/wp-json\/wp\/v2\/posts\/5399\/revisions"}],"predecessor-version":[{"id":5402,"href":"https:\/\/gmweekly.de\/index.php\/wp-json\/wp\/v2\/posts\/5399\/revisions\/5402"}],"wp:featuredmedia":[{"embeddable":true,"href":"https:\/\/gmweekly.de\/index.php\/wp-json\/wp\/v2\/media\/5400"}],"wp:attachment":[{"href":"https:\/\/gmweekly.de\/index.php\/wp-json\/wp\/v2\/media?parent=5399"}],"wp:term":[{"taxonomy":"category","embeddable":true,"href":"https:\/\/gmweekly.de\/index.php\/wp-json\/wp\/v2\/categories?post=5399"},{"taxonomy":"post_tag","embeddable":true,"href":"https:\/\/gmweekly.de\/index.php\/wp-json\/wp\/v2\/tags?post=5399"}],"curies":[{"name":"wp","href":"https:\/\/api.w.org\/{rel}","templated":true}]}}