{"id":5556,"date":"2026-03-01T12:06:01","date_gmt":"2026-03-01T12:06:01","guid":{"rendered":"https:\/\/gmweekly.de\/?p=5556"},"modified":"2026-03-01T12:06:03","modified_gmt":"2026-03-01T12:06:03","slug":"sarah-tacke-ehemann","status":"publish","type":"post","link":"https:\/\/gmweekly.de\/index.php\/2026\/03\/01\/sarah-tacke-ehemann\/","title":{"rendered":"Sarah Tacke Ehemann \u2013 Wer ist der Mann an ihrer Seite?"},"content":{"rendered":"\n<p><a href=\"https:\/\/de.wikipedia.org\/wiki\/Sarah_Tacke\" target=\"_blank\" rel=\"noopener\"><strong>Sarah Tacke<\/strong><\/a> ist eine bekannte deutsche Journalistin und Juristin. Viele Zuschauer kennen sie aus dem Fernsehen, besonders vom ZDF. Dort besch\u00e4ftigt sie sich vor allem mit rechtlichen Themen und erkl\u00e4rt komplizierte Sachverhalte auf verst\u00e4ndliche Weise. Sie wurde 1982 geboren und studierte Rechtswissenschaften. Sp\u00e4ter promovierte sie im Bereich Medienrecht. Das bedeutet, sie hat wissenschaftlich sehr tief zu einem juristischen Thema geforscht.<\/p>\n\n\n\n<p>Durch ihre ruhige Art und ihre fachliche Kompetenz hat sie sich einen festen Platz im deutschen Fernsehen aufgebaut. Genau deshalb interessieren sich viele Menschen nicht nur f\u00fcr ihre Arbeit, sondern auch f\u00fcr ihr Privatleben \u2013 besonders f\u00fcr den <strong>Sarah Tacke Ehemann<\/strong>.<\/p>\n\n\n\n<h2 class=\"wp-block-heading\">Karriere und Ausbildung<\/h2>\n\n\n\n<p>Sarah Tacke hat eine beeindruckende Ausbildung hinter sich. Sie studierte Jura in mehreren St\u00e4dten und vertiefte sich in Medienrecht. Diese Spezialisierung passt perfekt zu ihrer sp\u00e4teren T\u00e4tigkeit im Fernsehen.<\/p>\n\n\n\n<p>Beim ZDF arbeitete sie zun\u00e4chst als Redakteurin. Sp\u00e4ter \u00fcbernahm sie F\u00fchrungsverantwortung in der Redaktion \u201eRecht und Justiz\u201c. Au\u00dferdem moderiert sie Sendungen wie WISO, in denen sie Verbraucherthemen und rechtliche Fragen erkl\u00e4rt. \u00dcberblick \u00fcber ihren Werdegang<\/p>\n\n\n\n<figure class=\"wp-block-table\"><table class=\"has-fixed-layout\"><thead><tr><th>Bereich<\/th><th>Details<\/th><\/tr><\/thead><tbody><tr><td>Studium<\/td><td>Rechtswissenschaften<\/td><\/tr><tr><td>Promotion<\/td><td>Medienrecht<\/td><\/tr><tr><td>Arbeitgeber<\/td><td>ZDF<\/td><\/tr><tr><td>Schwerpunkt<\/td><td>Recht, Justiz, Verbraucherschutz<\/td><\/tr><\/tbody><\/table><\/figure>\n\n\n\n<p>Ihre Karriere zeigt, dass sie fachlich sehr qualifiziert ist. Dennoch bleibt ihr Privatleben weitgehend im Hintergrund.<\/p>\n\n\n\n<h2 class=\"wp-block-heading\">Sarah Tacke Ehemann \u2013 Wer ist ihr Partner?<\/h2>\n\n\n\n<p>Die zentrale Frage lautet: <strong>Wer ist der Sarah Tacke Ehemann?<\/strong> \u00d6ffentlich bekannte Informationen sind begrenzt. Es wird berichtet, dass sie verheiratet ist. Ihr Ehemann soll ebenfalls im journalistischen Umfeld t\u00e4tig sein, tritt jedoch nicht selbst \u00f6ffentlich auf.Das Paar h\u00e4lt sein Privatleben bewusst zur\u00fcck. Es gibt kaum Interviews, in denen sie \u00fcber ihre Ehe spricht. Auch gemeinsame Fotos sind selten zu finden. Warum gibt es so wenige Informationen? Es gibt mehrere Gr\u00fcnde:<\/p>\n\n\n\n<ul class=\"wp-block-list\">\n<li>Schutz der Familie<\/li>\n\n\n\n<li>Klare Trennung zwischen Beruf und Privatleben<\/li>\n\n\n\n<li>Respekt vor der Privatsph\u00e4re des Partners<\/li>\n<\/ul>\n\n\n\n<p>Viele bekannte Pers\u00f6nlichkeiten entscheiden sich bewusst daf\u00fcr, ihre Familie nicht in die \u00d6ffentlichkeit zu ziehen. Besonders wenn der Partner selbst keine bekannte Person ist, wird dieser Schutz noch wichtiger.<\/p>\n\n\n\n<h2 class=\"wp-block-heading\">Sarah Tacke Familie und Kinder<\/h2>\n\n\n\n<p>Neben dem Thema <strong>Sarah Tacke Ehemann<\/strong> interessieren sich viele auch f\u00fcr ihre Familie. Berichten zufolge hat sie zwei Kinder. Konkrete Details, wie Namen oder Geburtsdaten, werden jedoch nicht \u00f6ffentlich genannt. Diese Zur\u00fcckhaltung zeigt, dass sie gro\u00dfen Wert auf Privatsph\u00e4re legt. Gerade im Medienbereich ist das nicht selbstverst\u00e4ndlich.<\/p>\n\n\n\n<p>Als F\u00fchrungskraft im Fernsehen tr\u00e4gt sie viel Verantwortung. Gleichzeitig ist sie Mutter. Diese Kombination erfordert Organisation und Unterst\u00fctzung im privaten Umfeld. Es ist daher anzunehmen, dass der <strong>Sarah Tacke Ehemann<\/strong> eine wichtige Rolle im Familienalltag spielt. \u00d6ffentliche Aussagen dazu gibt es jedoch kaum.<\/p>\n\n\n\n<h2 class=\"wp-block-heading\">Warum ist das Interesse am Sarah Tacke Ehemann so gro\u00df?<\/h2>\n\n\n\n<p>Das Interesse an prominenten Pers\u00f6nlichkeiten ist ganz normal. Besonders Moderatorinnen im Fernsehen stehen regelm\u00e4\u00dfig im Fokus. Menschen stellen sich Fragen wie:<\/p>\n\n\n\n<ul class=\"wp-block-list\">\n<li>Ist sie verheiratet?<\/li>\n\n\n\n<li>Wer ist ihr Partner?<\/li>\n\n\n\n<li>Arbeitet ihr Mann auch beim ZDF?<\/li>\n<\/ul>\n\n\n\n<p>Solche Suchanfragen entstehen oft nach TV-Auftritten. Wenn eine Person h\u00e4ufig im Fernsehen zu sehen ist, w\u00e4chst automatisch das Interesse an ihrem Leben au\u00dferhalb der Kamera. Das Keyword <strong>\u201eSarah Tacke Ehemann\u201c<\/strong> zeigt klar, dass viele gezielt nach Informationen \u00fcber ihren Partner suchen.<\/p>\n\n\n\n<h2 class=\"wp-block-heading\">Privatleben vs. \u00d6ffentlichkeit<\/h2>\n\n\n\n<p>Sarah Tacke trennt ihr \u00f6ffentliches Auftreten sehr deutlich von ihrem Privatleben.<\/p>\n\n\n\n<p><strong>\u00d6ffentliche Rolle<\/strong><\/p>\n\n\n\n<ul class=\"wp-block-list\">\n<li>Juristin<\/li>\n\n\n\n<li>Moderatorin<\/li>\n\n\n\n<li>Redaktionsleiterin<\/li>\n<\/ul>\n\n\n\n<p><strong>Private Rolle<\/strong><\/p>\n\n\n\n<ul class=\"wp-block-list\">\n<li>Ehefrau<\/li>\n\n\n\n<li>Mutter<\/li>\n\n\n\n<li>Privatperson<\/li>\n<\/ul>\n\n\n\n<p>Diese klare Trennung ist im Journalismus weit verbreitet. Besonders bei \u00f6ffentlich-rechtlichen Sendern wird Professionalit\u00e4t gro\u00dfgeschrieben. Es gibt keine bekannten Skandale oder \u00f6ffentlichen Diskussionen \u00fcber ihre Ehe. Das spricht f\u00fcr ein bewusst ruhiges und gesch\u00fctztes Familienleben.<\/p>\n\n\n\n<h2 class=\"wp-block-heading\">H\u00e4ufige Fragen zu Sarah Tacke Ehemann<\/h2>\n\n\n\n<p><strong>Wie hei\u00dft der Sarah Tacke Ehemann?<br><\/strong>\u00d6ffentlich wird der Name Markus genannt, jedoch ohne weitere Details.<\/p>\n\n\n\n<p><strong>Ist ihr Ehemann ebenfalls Journalist?<br><\/strong>Berichte deuten darauf hin, dass er im journalistischen Bereich t\u00e4tig sein k\u00f6nnte. Best\u00e4tigte Informationen sind jedoch begrenzt.<\/p>\n\n\n\n<p><strong>Seit wann ist Sarah Tacke verheiratet?<br><\/strong>Ein genaues Datum ist nicht offiziell bekannt.<\/p>\n\n\n\n<p><strong>Hat Sarah Tacke Kinder?<br><\/strong>Ja, es wird von zwei Kindern berichtet.<\/p>\n\n\n\n<p><strong>Warum zeigt sie ihren Ehemann nicht \u00f6ffentlich?<br><\/strong>Vermutlich aus Gr\u00fcnden des Pers\u00f6nlichkeitsschutzes und der Privatsph\u00e4re.<\/p>\n\n\n\n<h2 class=\"wp-block-heading\">Wichtige Fakten im \u00dcberblick<\/h2>\n\n\n\n<figure class=\"wp-block-table\"><table class=\"has-fixed-layout\"><thead><tr><th>Frage<\/th><th>Antwort<\/th><\/tr><\/thead><tbody><tr><td>Sarah Tacke verheiratet?<\/td><td>Ja<\/td><\/tr><tr><td>Sarah Tacke Ehemann \u00f6ffentlich aktiv?<\/td><td>Nein<\/td><\/tr><tr><td>Kinder vorhanden?<\/td><td>Zwei<\/td><\/tr><tr><td>Gemeinsame Medienauftritte?<\/td><td>Kaum<\/td><\/tr><\/tbody><\/table><\/figure>\n\n\n\n<h2 class=\"wp-block-heading\">Fazit: Sarah Tacke Ehemann und ihr bewusst gesch\u00fctztes Privatleben<\/h2>\n\n\n\n<p>Der Begriff <strong>\u201eSarah Tacke Ehemann\u201c<\/strong> wird h\u00e4ufig gesucht. Trotzdem sind die \u00f6ffentlich verf\u00fcgbaren Informationen begrenzt. Das zeigt deutlich: Sarah Tacke legt gro\u00dfen Wert auf Privatsph\u00e4re. W\u00e4hrend sie beruflich sehr pr\u00e4sent ist, bleibt ihr Privatleben gesch\u00fctzt.<\/p>\n\n\n\n<p>Man wei\u00df, dass sie verheiratet ist und Kinder hat. Mehr Details werden bewusst nicht \u00f6ffentlich gemacht. Und genau das scheint Teil ihrer pers\u00f6nlichen Entscheidung zu sein. Am Ende bleibt festzuhalten: Der <strong>Sarah Tacke Ehemann<\/strong> steht nicht im Rampenlicht \u2013 und genau das macht ihn f\u00fcr viele Menschen interessant.<\/p>\n\n\n\n<p>Mher Lesson: <a href=\"https:\/\/gmweekly.de\/index.php\/2026\/03\/01\/florian-john-buchardt\/\"><strong>Florian John Buchardt<\/strong><\/a><\/p>\n","protected":false},"excerpt":{"rendered":"<p>Sarah Tacke ist eine bekannte deutsche Journalistin und Juristin. Viele Zuschauer kennen sie aus dem Fernsehen, besonders vom ZDF. Dort besch\u00e4ftigt sie sich vor allem mit rechtlichen Themen und erkl\u00e4rt komplizierte Sachverhalte auf verst\u00e4ndliche Weise. Sie wurde 1982 geboren und studierte Rechtswissenschaften. Sp\u00e4ter promovierte sie im Bereich Medienrecht. Das bedeutet, sie hat wissenschaftlich sehr tief<\/p>\n","protected":false},"author":7,"featured_media":5558,"comment_status":"closed","ping_status":"open","sticky":false,"template":"","format":"standard","meta":{"footnotes":""},"categories":[31],"tags":[186],"class_list":{"0":"post-5556","1":"post","2":"type-post","3":"status-publish","4":"format-standard","5":"has-post-thumbnail","7":"category-lebensstil","8":"tag-sarah-tacke-ehemann"},"_links":{"self":[{"href":"https:\/\/gmweekly.de\/index.php\/wp-json\/wp\/v2\/posts\/5556","targetHints":{"allow":["GET"]}}],"collection":[{"href":"https:\/\/gmweekly.de\/index.php\/wp-json\/wp\/v2\/posts"}],"about":[{"href":"https:\/\/gmweekly.de\/index.php\/wp-json\/wp\/v2\/types\/post"}],"author":[{"embeddable":true,"href":"https:\/\/gmweekly.de\/index.php\/wp-json\/wp\/v2\/users\/7"}],"replies":[{"embeddable":true,"href":"https:\/\/gmweekly.de\/index.php\/wp-json\/wp\/v2\/comments?post=5556"}],"version-history":[{"count":1,"href":"https:\/\/gmweekly.de\/index.php\/wp-json\/wp\/v2\/posts\/5556\/revisions"}],"predecessor-version":[{"id":5559,"href":"https:\/\/gmweekly.de\/index.php\/wp-json\/wp\/v2\/posts\/5556\/revisions\/5559"}],"wp:featuredmedia":[{"embeddable":true,"href":"https:\/\/gmweekly.de\/index.php\/wp-json\/wp\/v2\/media\/5558"}],"wp:attachment":[{"href":"https:\/\/gmweekly.de\/index.php\/wp-json\/wp\/v2\/media?parent=5556"}],"wp:term":[{"taxonomy":"category","embeddable":true,"href":"https:\/\/gmweekly.de\/index.php\/wp-json\/wp\/v2\/categories?post=5556"},{"taxonomy":"post_tag","embeddable":true,"href":"https:\/\/gmweekly.de\/index.php\/wp-json\/wp\/v2\/tags?post=5556"}],"curies":[{"name":"wp","href":"https:\/\/api.w.org\/{rel}","templated":true}]}}